{"id":152,"date":"2020-06-23T22:10:18","date_gmt":"2020-06-23T20:10:18","guid":{"rendered":"http:\/\/wirsindguesen.de\/?p=152"},"modified":"2020-11-11T20:12:06","modified_gmt":"2020-11-11T19:12:06","slug":"packen-wir-es-gemeinsam-an-und-machen-unser-dorf-schoener","status":"publish","type":"post","link":"https:\/\/wirsindguesen.de\/index.php\/2020\/06\/23\/packen-wir-es-gemeinsam-an-und-machen-unser-dorf-schoener\/","title":{"rendered":"Packen wir es gemeinsam an und machen unser Dorf sch\u00f6ner!"},"content":{"rendered":"\n<p>Der Heimatverein \u201cWir sind G\u00fcsen\u201d e.V. ist auf der Suche nach Unterst\u00fctzern. <strong>H<\/strong><strong>ier kommen Sie ins Spiel.<\/strong><\/p>\n\n\n\n<p>Unsere Ziele bestehen in der Entwicklung und Festigung des kulturellen Lebens in G\u00fcsen. In letzter Zeit wurde viel erreicht und noch viele weitere Projekte stehen an. Wir hoffen auf tatkr\u00e4ftige und finanzielle Unterst\u00fctzung.<\/p>\n\n\n\n<p>Jeden ersten Dienstag im Monat findet in der Gastst\u00e4tte \u201cRoxy\u201d der Stammtisch des Heimatvereins statt. Interessenten sind jederzeit Willkommen.<\/p>\n\n\n\n<p>Gerne begr\u00fc\u00dfen wir Euch auch jeden Mittwoch ab 17:00 Uhr auf dem Festplatz. <\/p>\n\n\n\n<p>Bankverbindung:<\/p>\n\n\n\n<p>IBAN: DE 59 8106 3238 0008 0470 22<\/p>\n\n\n\n<p>BIC: GENODEF1BRG<\/p>\n\n\n\n<p>Eine Spendenquittung wird auf Anfrage ausgestellt.<\/p>\n\n\n\n<div class=\"wp-block-file\"><a href=\"https:\/\/wirsindguesen.de\/wp-content\/uploads\/2020\/06\/Packen-wir-es-an.pdf\">Flyer<\/a><a href=\"https:\/\/wirsindguesen.de\/wp-content\/uploads\/2020\/06\/Packen-wir-es-an.pdf\" class=\"wp-block-file__button\" download>Herunterladen<\/a><\/div>\n\n\n\n<figure class=\"wp-block-image size-large\"><img loading=\"lazy\" decoding=\"async\" width=\"1024\" height=\"768\" src=\"https:\/\/wirsindguesen.de\/wp-content\/uploads\/2020\/06\/IMG-20200515-WA0020-1024x768.jpg\" alt=\"\" class=\"wp-image-153\" srcset=\"https:\/\/wirsindguesen.de\/wp-content\/uploads\/2020\/06\/IMG-20200515-WA0020-1024x768.jpg 1024w, https:\/\/wirsindguesen.de\/wp-content\/uploads\/2020\/06\/IMG-20200515-WA0020-300x225.jpg 300w, https:\/\/wirsindguesen.de\/wp-content\/uploads\/2020\/06\/IMG-20200515-WA0020-768x576.jpg 768w, https:\/\/wirsindguesen.de\/wp-content\/uploads\/2020\/06\/IMG-20200515-WA0020-1536x1152.jpg 1536w, https:\/\/wirsindguesen.de\/wp-content\/uploads\/2020\/06\/IMG-20200515-WA0020-400x300.jpg 400w, https:\/\/wirsindguesen.de\/wp-content\/uploads\/2020\/06\/IMG-20200515-WA0020.jpg 1600w\" sizes=\"auto, (max-width: 1024px) 100vw, 1024px\" \/><\/figure>\n","protected":false},"excerpt":{"rendered":"<p>Der Heimatverein \u201cWir sind G\u00fcsen\u201d e.V. ist auf der Suche nach Unterst\u00fctzern. Hier kommen Sie ins Spiel. Unsere Ziele bestehen in der Entwicklung und Festigung des kulturellen Lebens in G\u00fcsen. In letzter Zeit wurde viel erreicht und noch viele weitere &hellip; <a href=\"https:\/\/wirsindguesen.de\/index.php\/2020\/06\/23\/packen-wir-es-gemeinsam-an-und-machen-unser-dorf-schoener\/\">Weiterlesen <span class=\"meta-nav\">&rarr;<\/span><\/a><\/p>\n","protected":false},"author":1,"featured_media":0,"comment_status":"open","ping_status":"open","sticky":false,"template":"","format":"standard","meta":{"footnotes":""},"categories":[1],"tags":[],"class_list":["post-152","post","type-post","status-publish","format-standard","hentry","category-allgemein"],"_links":{"self":[{"href":"https:\/\/wirsindguesen.de\/index.php\/wp-json\/wp\/v2\/posts\/152","targetHints":{"allow":["GET"]}}],"collection":[{"href":"https:\/\/wirsindguesen.de\/index.php\/wp-json\/wp\/v2\/posts"}],"about":[{"href":"https:\/\/wirsindguesen.de\/index.php\/wp-json\/wp\/v2\/types\/post"}],"author":[{"embeddable":true,"href":"https:\/\/wirsindguesen.de\/index.php\/wp-json\/wp\/v2\/users\/1"}],"replies":[{"embeddable":true,"href":"https:\/\/wirsindguesen.de\/index.php\/wp-json\/wp\/v2\/comments?post=152"}],"version-history":[{"count":2,"href":"https:\/\/wirsindguesen.de\/index.php\/wp-json\/wp\/v2\/posts\/152\/revisions"}],"predecessor-version":[{"id":156,"href":"https:\/\/wirsindguesen.de\/index.php\/wp-json\/wp\/v2\/posts\/152\/revisions\/156"}],"wp:attachment":[{"href":"https:\/\/wirsindguesen.de\/index.php\/wp-json\/wp\/v2\/media?parent=152"}],"wp:term":[{"taxonomy":"category","embeddable":true,"href":"https:\/\/wirsindguesen.de\/index.php\/wp-json\/wp\/v2\/categories?post=152"},{"taxonomy":"post_tag","embeddable":true,"href":"https:\/\/wirsindguesen.de\/index.php\/wp-json\/wp\/v2\/tags?post=152"}],"curies":[{"name":"wp","href":"https:\/\/api.w.org\/{rel}","templated":true}]}}