{"id":252,"date":"2020-10-03T20:21:41","date_gmt":"2020-10-03T18:21:41","guid":{"rendered":"http:\/\/wirsindguesen.de\/?p=252"},"modified":"2020-10-03T20:23:35","modified_gmt":"2020-10-03T18:23:35","slug":"das-naechste-jahr-steht-im-zeichen-der-jugend","status":"publish","type":"post","link":"https:\/\/wirsindguesen.de\/index.php\/2020\/10\/03\/das-naechste-jahr-steht-im-zeichen-der-jugend\/","title":{"rendered":"Das n\u00e4chste Jahr steht im Zeichen der Jugend!"},"content":{"rendered":"\n<p>Aus diesem Grund m\u00f6chten wir Eure Stimme, liebe Jugend aus G\u00fcsen, h\u00f6ren und laden Euch zu einer Gespr\u00e4chsrunde am Dienstag den 06.10.20 um 18:30 Uhr auf den Marktplatz ein. <\/p>\n","protected":false},"excerpt":{"rendered":"<p>Aus diesem Grund m\u00f6chten wir Eure Stimme, liebe Jugend aus G\u00fcsen, h\u00f6ren und laden Euch zu einer Gespr\u00e4chsrunde am Dienstag den 06.10.20 um 18:30 Uhr auf den Marktplatz ein.<\/p>\n","protected":false},"author":1,"featured_media":0,"comment_status":"open","ping_status":"open","sticky":false,"template":"","format":"standard","meta":{"footnotes":""},"categories":[1],"tags":[],"class_list":["post-252","post","type-post","status-publish","format-standard","hentry","category-allgemein"],"_links":{"self":[{"href":"https:\/\/wirsindguesen.de\/index.php\/wp-json\/wp\/v2\/posts\/252","targetHints":{"allow":["GET"]}}],"collection":[{"href":"https:\/\/wirsindguesen.de\/index.php\/wp-json\/wp\/v2\/posts"}],"about":[{"href":"https:\/\/wirsindguesen.de\/index.php\/wp-json\/wp\/v2\/types\/post"}],"author":[{"embeddable":true,"href":"https:\/\/wirsindguesen.de\/index.php\/wp-json\/wp\/v2\/users\/1"}],"replies":[{"embeddable":true,"href":"https:\/\/wirsindguesen.de\/index.php\/wp-json\/wp\/v2\/comments?post=252"}],"version-history":[{"count":2,"href":"https:\/\/wirsindguesen.de\/index.php\/wp-json\/wp\/v2\/posts\/252\/revisions"}],"predecessor-version":[{"id":254,"href":"https:\/\/wirsindguesen.de\/index.php\/wp-json\/wp\/v2\/posts\/252\/revisions\/254"}],"wp:attachment":[{"href":"https:\/\/wirsindguesen.de\/index.php\/wp-json\/wp\/v2\/media?parent=252"}],"wp:term":[{"taxonomy":"category","embeddable":true,"href":"https:\/\/wirsindguesen.de\/index.php\/wp-json\/wp\/v2\/categories?post=252"},{"taxonomy":"post_tag","embeddable":true,"href":"https:\/\/wirsindguesen.de\/index.php\/wp-json\/wp\/v2\/tags?post=252"}],"curies":[{"name":"wp","href":"https:\/\/api.w.org\/{rel}","templated":true}]}}