{"id":294,"date":"2021-04-06T21:52:12","date_gmt":"2021-04-06T19:52:12","guid":{"rendered":"http:\/\/wirsindguesen.de\/?p=294"},"modified":"2021-04-06T22:01:46","modified_gmt":"2021-04-06T20:01:46","slug":"traditionen-im-ort-wahren","status":"publish","type":"post","link":"https:\/\/wirsindguesen.de\/index.php\/2021\/04\/06\/traditionen-im-ort-wahren\/","title":{"rendered":"Traditionen im Ort wahren"},"content":{"rendered":"\n<p>&#8230;man braucht nur mit Liebe einer Sache nachzugehen, dann gesellt sich das Gl\u00fcck hinzu.<\/p>\n\n\n\n<p>Mit diesem Vers gehen unsere Gedanken heute zu einer wichtigen Institution im Ort&#8230;.unsere B\u00e4ckerei Thomas Walter.<\/p>\n\n\n\n<p>Er hat seine B\u00e4ckerei aus der Familienhand im Oktober 1990 \u00fcbernommen und f\u00fchrt bis heute das Handwerk in G\u00fcsen fort, in seiner eigenen Backstube&#8230;mitten im Ort. Wenn man eintritt erf\u00fcllt einem das Gef\u00fchl von Urigkeit, Behaglichkeit, von Kindheitserinnerungen und von einem Duft nach traditionellem Handwerk. F\u00fcr uns ist diese B\u00e4ckerei eine wichtige Institution im Ort, die von den B\u00fcrgern aus der Region angenommen wird. Das Team um Thomas Walter ist unter G\u00fcsenern anerkannt und repr\u00e4sentiert Tradition, Handwerk und Verbundenheit mit G\u00fcsen.<\/p>\n\n\n\n<p>An dieser Stelle m\u00f6chten wir uns herzlich, beim gesamten Verkaufsteam, f\u00fcr die Unterst\u00fctzung beim Kalenderverkauf des &#8222;G\u00fcsener Kalender 2021&#8220; bedanken&#8230;<a href=\"https:\/\/www.facebook.com\/hashtag\/verbundenimort?__eep__=6&amp;__cft__[0]=AZUJlXVTtmz2DLmidc5pKG0jEM2eljXTxSxqJro3X__vmSvwrIttvY69VgmXusojU5-tD3ECyuPCRz0mXQKyD4836cvBsuZYYG70-vsEFHxGKcLd8qxzdbw7_3tLbPLxPi4bWigGXXi8pCwNHfes-AdK8Meh4mZOkWuxY_m1Z-H_0g&amp;__tn__=*NK-R\">#verbundenimOrt<\/a><a href=\"https:\/\/www.facebook.com\/hashtag\/backenhattradition?__eep__=6&amp;__cft__[0]=AZUJlXVTtmz2DLmidc5pKG0jEM2eljXTxSxqJro3X__vmSvwrIttvY69VgmXusojU5-tD3ECyuPCRz0mXQKyD4836cvBsuZYYG70-vsEFHxGKcLd8qxzdbw7_3tLbPLxPi4bWigGXXi8pCwNHfes-AdK8Meh4mZOkWuxY_m1Z-H_0g&amp;__tn__=*NK-R\"> #backenhattradition<\/a><a href=\"https:\/\/www.facebook.com\/hashtag\/b%C3%A4ckereiwalter?__eep__=6&amp;__cft__[0]=AZUJlXVTtmz2DLmidc5pKG0jEM2eljXTxSxqJro3X__vmSvwrIttvY69VgmXusojU5-tD3ECyuPCRz0mXQKyD4836cvBsuZYYG70-vsEFHxGKcLd8qxzdbw7_3tLbPLxPi4bWigGXXi8pCwNHfes-AdK8Meh4mZOkWuxY_m1Z-H_0g&amp;__tn__=*NK-R\"> #b\u00e4ckereiwalter<\/a><a href=\"https:\/\/www.facebook.com\/hashtag\/traditionelleshandwerk?__eep__=6&amp;__cft__[0]=AZUJlXVTtmz2DLmidc5pKG0jEM2eljXTxSxqJro3X__vmSvwrIttvY69VgmXusojU5-tD3ECyuPCRz0mXQKyD4836cvBsuZYYG70-vsEFHxGKcLd8qxzdbw7_3tLbPLxPi4bWigGXXi8pCwNHfes-AdK8Meh4mZOkWuxY_m1Z-H_0g&amp;__tn__=*NK-R\"> #traditionellesHandwerk<\/a><a href=\"https:\/\/www.facebook.com\/hashtag\/gemeinsamstarkinderregion?__eep__=6&amp;__cft__[0]=AZUJlXVTtmz2DLmidc5pKG0jEM2eljXTxSxqJro3X__vmSvwrIttvY69VgmXusojU5-tD3ECyuPCRz0mXQKyD4836cvBsuZYYG70-vsEFHxGKcLd8qxzdbw7_3tLbPLxPi4bWigGXXi8pCwNHfes-AdK8Meh4mZOkWuxY_m1Z-H_0g&amp;__tn__=*NK-R\"> #gemeinsamstarkinderRegion<\/a><a href=\"https:\/\/www.facebook.com\/hashtag\/gemeinsamstarking%C3%BCsen?__eep__=6&amp;__cft__[0]=AZUJlXVTtmz2DLmidc5pKG0jEM2eljXTxSxqJro3X__vmSvwrIttvY69VgmXusojU5-tD3ECyuPCRz0mXQKyD4836cvBsuZYYG70-vsEFHxGKcLd8qxzdbw7_3tLbPLxPi4bWigGXXi8pCwNHfes-AdK8Meh4mZOkWuxY_m1Z-H_0g&amp;__tn__=*NK-R\"> <\/a><a href=\"https:\/\/www.facebook.com\/hashtag\/gemeinsamstarking%C3%BCsen?__eep__=6&amp;__cft__[0]=AZUJlXVTtmz2DLmidc5pKG0jEM2eljXTxSxqJro3X__vmSvwrIttvY69VgmXusojU5-tD3ECyuPCRz0mXQKyD4836cvBsuZYYG70-vsEFHxGKcLd8qxzdbw7_3tLbPLxPi4bWigGXXi8pCwNHfes-AdK8Meh4mZOkWuxY_m1Z-H_0g&amp;__tn__=*NK-R\">#gemeinsamstarkinG\u00fcsen<\/a> Wir im Verein kaufen bei unserem B\u00e4cker im Ort ein, weil wir Tradition im Ort wahrnehmen und kleine Unternehmen gern unterst\u00fctzen. Kommt gut ins Wochenende.<\/p>\n\n\n\n<p>Euer Team von &#8222;Wir sind G\u00fcsen&#8220; e.V.<\/p>\n\n\n\n<figure class=\"wp-block-image size-large\"><img loading=\"lazy\" decoding=\"async\" width=\"526\" height=\"521\" src=\"https:\/\/wirsindguesen.de\/wp-content\/uploads\/2021\/04\/Baecker.jpg\" alt=\"\" class=\"wp-image-295\" srcset=\"https:\/\/wirsindguesen.de\/wp-content\/uploads\/2021\/04\/Baecker.jpg 526w, https:\/\/wirsindguesen.de\/wp-content\/uploads\/2021\/04\/Baecker-300x297.jpg 300w, https:\/\/wirsindguesen.de\/wp-content\/uploads\/2021\/04\/Baecker-150x150.jpg 150w, https:\/\/wirsindguesen.de\/wp-content\/uploads\/2021\/04\/Baecker-303x300.jpg 303w\" sizes=\"auto, (max-width: 526px) 100vw, 526px\" \/><\/figure>\n","protected":false},"excerpt":{"rendered":"<p>&#8230;man braucht nur mit Liebe einer Sache nachzugehen, dann gesellt sich das Gl\u00fcck hinzu. Mit diesem Vers gehen unsere Gedanken heute zu einer wichtigen Institution im Ort&#8230;.unsere B\u00e4ckerei Thomas Walter. Er hat seine B\u00e4ckerei aus der Familienhand im Oktober 1990 &hellip; <a href=\"https:\/\/wirsindguesen.de\/index.php\/2021\/04\/06\/traditionen-im-ort-wahren\/\">Weiterlesen <span class=\"meta-nav\">&rarr;<\/span><\/a><\/p>\n","protected":false},"author":1,"featured_media":0,"comment_status":"open","ping_status":"open","sticky":false,"template":"","format":"standard","meta":{"footnotes":""},"categories":[1],"tags":[],"class_list":["post-294","post","type-post","status-publish","format-standard","hentry","category-allgemein"],"_links":{"self":[{"href":"https:\/\/wirsindguesen.de\/index.php\/wp-json\/wp\/v2\/posts\/294","targetHints":{"allow":["GET"]}}],"collection":[{"href":"https:\/\/wirsindguesen.de\/index.php\/wp-json\/wp\/v2\/posts"}],"about":[{"href":"https:\/\/wirsindguesen.de\/index.php\/wp-json\/wp\/v2\/types\/post"}],"author":[{"embeddable":true,"href":"https:\/\/wirsindguesen.de\/index.php\/wp-json\/wp\/v2\/users\/1"}],"replies":[{"embeddable":true,"href":"https:\/\/wirsindguesen.de\/index.php\/wp-json\/wp\/v2\/comments?post=294"}],"version-history":[{"count":3,"href":"https:\/\/wirsindguesen.de\/index.php\/wp-json\/wp\/v2\/posts\/294\/revisions"}],"predecessor-version":[{"id":310,"href":"https:\/\/wirsindguesen.de\/index.php\/wp-json\/wp\/v2\/posts\/294\/revisions\/310"}],"wp:attachment":[{"href":"https:\/\/wirsindguesen.de\/index.php\/wp-json\/wp\/v2\/media?parent=294"}],"wp:term":[{"taxonomy":"category","embeddable":true,"href":"https:\/\/wirsindguesen.de\/index.php\/wp-json\/wp\/v2\/categories?post=294"},{"taxonomy":"post_tag","embeddable":true,"href":"https:\/\/wirsindguesen.de\/index.php\/wp-json\/wp\/v2\/tags?post=294"}],"curies":[{"name":"wp","href":"https:\/\/api.w.org\/{rel}","templated":true}]}}