{"id":338,"date":"2021-07-25T18:43:43","date_gmt":"2021-07-25T16:43:43","guid":{"rendered":"http:\/\/wirsindguesen.de\/?p=338"},"modified":"2021-07-25T19:15:34","modified_gmt":"2021-07-25T17:15:34","slug":"zelttag-unserer-vereinskinder","status":"publish","type":"post","link":"https:\/\/wirsindguesen.de\/index.php\/2021\/07\/25\/zelttag-unserer-vereinskinder\/","title":{"rendered":"Zelttag unserer Vereinskinder"},"content":{"rendered":"\n<p>Die Ferien starteten f\u00fcr einige unserer Vereinskinder mit einem Zelttag. Daf\u00fcr bot das Gel\u00e4nde von Fischerei Riedel in Zerben die beste Gelegenheit, bei Grill, Lagerfeuer &amp; Stockbrot, die Zelte aufzuschlagen. Was gibt es sch\u00f6neres als baden, zelten und drau\u00dfen essen&#8230;ein gelungener Zelttag f\u00fcr Klein &amp; Gro\u00df, der zur Tradition werden wird. #wirsindg\u00fcsen #zelttag #kinderst\u00e4rken #verbundenimverein #ausliebezurHEIMAT<\/p>\n\n\n\n<figure class=\"wp-block-gallery columns-3 is-cropped wp-block-gallery-1 is-layout-flex wp-block-gallery-is-layout-flex\"><ul class=\"blocks-gallery-grid\"><li class=\"blocks-gallery-item\"><figure><img loading=\"lazy\" decoding=\"async\" width=\"720\" height=\"520\" src=\"https:\/\/wirsindguesen.de\/wp-content\/uploads\/2021\/07\/Zelttag-1.jpg\" alt=\"\" data-id=\"339\" data-full-url=\"https:\/\/wirsindguesen.de\/wp-content\/uploads\/2021\/07\/Zelttag-1.jpg\" data-link=\"https:\/\/wirsindguesen.de\/?attachment_id=339\" class=\"wp-image-339\" srcset=\"https:\/\/wirsindguesen.de\/wp-content\/uploads\/2021\/07\/Zelttag-1.jpg 720w, https:\/\/wirsindguesen.de\/wp-content\/uploads\/2021\/07\/Zelttag-1-300x217.jpg 300w, https:\/\/wirsindguesen.de\/wp-content\/uploads\/2021\/07\/Zelttag-1-415x300.jpg 415w\" sizes=\"auto, (max-width: 720px) 100vw, 720px\" \/><\/figure><\/li><li class=\"blocks-gallery-item\"><figure><img loading=\"lazy\" decoding=\"async\" width=\"768\" height=\"1024\" src=\"https:\/\/wirsindguesen.de\/wp-content\/uploads\/2021\/07\/Zelttag-2-768x1024.jpg\" alt=\"\" data-id=\"340\" data-full-url=\"https:\/\/wirsindguesen.de\/wp-content\/uploads\/2021\/07\/Zelttag-2.jpg\" data-link=\"https:\/\/wirsindguesen.de\/?attachment_id=340\" class=\"wp-image-340\" srcset=\"https:\/\/wirsindguesen.de\/wp-content\/uploads\/2021\/07\/Zelttag-2-768x1024.jpg 768w, https:\/\/wirsindguesen.de\/wp-content\/uploads\/2021\/07\/Zelttag-2-225x300.jpg 225w, https:\/\/wirsindguesen.de\/wp-content\/uploads\/2021\/07\/Zelttag-2-1152x1536.jpg 1152w, https:\/\/wirsindguesen.de\/wp-content\/uploads\/2021\/07\/Zelttag-2.jpg 1200w\" sizes=\"auto, (max-width: 768px) 100vw, 768px\" \/><\/figure><\/li><li class=\"blocks-gallery-item\"><figure><img loading=\"lazy\" decoding=\"async\" width=\"1024\" height=\"768\" src=\"https:\/\/wirsindguesen.de\/wp-content\/uploads\/2021\/07\/Zelttag-3-1024x768.jpg\" alt=\"\" data-id=\"341\" data-full-url=\"https:\/\/wirsindguesen.de\/wp-content\/uploads\/2021\/07\/Zelttag-3.jpg\" data-link=\"https:\/\/wirsindguesen.de\/?attachment_id=341\" class=\"wp-image-341\" srcset=\"https:\/\/wirsindguesen.de\/wp-content\/uploads\/2021\/07\/Zelttag-3-1024x768.jpg 1024w, https:\/\/wirsindguesen.de\/wp-content\/uploads\/2021\/07\/Zelttag-3-300x225.jpg 300w, https:\/\/wirsindguesen.de\/wp-content\/uploads\/2021\/07\/Zelttag-3-768x576.jpg 768w, https:\/\/wirsindguesen.de\/wp-content\/uploads\/2021\/07\/Zelttag-3-1536x1152.jpg 1536w, https:\/\/wirsindguesen.de\/wp-content\/uploads\/2021\/07\/Zelttag-3-400x300.jpg 400w, https:\/\/wirsindguesen.de\/wp-content\/uploads\/2021\/07\/Zelttag-3.jpg 1600w\" sizes=\"auto, (max-width: 1024px) 100vw, 1024px\" \/><\/figure><\/li><\/ul><\/figure>\n","protected":false},"excerpt":{"rendered":"<p>Die Ferien starteten f\u00fcr einige unserer Vereinskinder mit einem Zelttag. Daf\u00fcr bot das Gel\u00e4nde von Fischerei Riedel in Zerben die beste Gelegenheit, bei Grill, Lagerfeuer &amp; Stockbrot, die Zelte aufzuschlagen. Was gibt es sch\u00f6neres als baden, zelten und drau\u00dfen essen&#8230;ein &hellip; <a href=\"https:\/\/wirsindguesen.de\/index.php\/2021\/07\/25\/zelttag-unserer-vereinskinder\/\">Weiterlesen <span class=\"meta-nav\">&rarr;<\/span><\/a><\/p>\n","protected":false},"author":1,"featured_media":0,"comment_status":"open","ping_status":"open","sticky":false,"template":"","format":"standard","meta":{"footnotes":""},"categories":[1],"tags":[],"class_list":["post-338","post","type-post","status-publish","format-standard","hentry","category-allgemein"],"_links":{"self":[{"href":"https:\/\/wirsindguesen.de\/index.php\/wp-json\/wp\/v2\/posts\/338","targetHints":{"allow":["GET"]}}],"collection":[{"href":"https:\/\/wirsindguesen.de\/index.php\/wp-json\/wp\/v2\/posts"}],"about":[{"href":"https:\/\/wirsindguesen.de\/index.php\/wp-json\/wp\/v2\/types\/post"}],"author":[{"embeddable":true,"href":"https:\/\/wirsindguesen.de\/index.php\/wp-json\/wp\/v2\/users\/1"}],"replies":[{"embeddable":true,"href":"https:\/\/wirsindguesen.de\/index.php\/wp-json\/wp\/v2\/comments?post=338"}],"version-history":[{"count":3,"href":"https:\/\/wirsindguesen.de\/index.php\/wp-json\/wp\/v2\/posts\/338\/revisions"}],"predecessor-version":[{"id":348,"href":"https:\/\/wirsindguesen.de\/index.php\/wp-json\/wp\/v2\/posts\/338\/revisions\/348"}],"wp:attachment":[{"href":"https:\/\/wirsindguesen.de\/index.php\/wp-json\/wp\/v2\/media?parent=338"}],"wp:term":[{"taxonomy":"category","embeddable":true,"href":"https:\/\/wirsindguesen.de\/index.php\/wp-json\/wp\/v2\/categories?post=338"},{"taxonomy":"post_tag","embeddable":true,"href":"https:\/\/wirsindguesen.de\/index.php\/wp-json\/wp\/v2\/tags?post=338"}],"curies":[{"name":"wp","href":"https:\/\/api.w.org\/{rel}","templated":true}]}}