{"id":367,"date":"2021-08-28T11:30:38","date_gmt":"2021-08-28T09:30:38","guid":{"rendered":"http:\/\/wirsindguesen.de\/?p=367"},"modified":"2021-10-01T21:12:54","modified_gmt":"2021-10-01T19:12:54","slug":"yogafestival-yoga-spirit-an-der-freilichtbuehne-guesen-safe-the-date-18-09-2021","status":"publish","type":"post","link":"https:\/\/wirsindguesen.de\/index.php\/2021\/08\/28\/yogafestival-yoga-spirit-an-der-freilichtbuehne-guesen-safe-the-date-18-09-2021\/","title":{"rendered":"YogaFestival &#8222;Yoga Spirit&#8220; an der Freilichtb\u00fchne G\u00fcsen SAVE the DATE: 18.09.2021"},"content":{"rendered":"\n<p>Claudia M\u00fcller, Yogalehrerin &amp; Vitalassistentin, hat etwas Gro\u00dfartiges geschaffen:<\/p>\n\n\n\n<p>das 1. YOGAFESTIVAL in unserer Region Elbe-Parey.<\/p>\n\n\n\n<p>Sei auch DU ein Teil dieses spirituellen und energetischen Events an der Freilichtb\u00fchne G\u00fcsen. Sichere Dir noch heute dein Ticket, um an diesem Tag die beruhigende und ausgleichende Wirkung auf Dein inneres ICH durch YOGA zu erfahren. Der bewusste Blick auf sich Selbst und seine Mitmenschen, kann einen wesentlich Teil zu einer toleranten Weltansicht und einem friedlichen Miteinander beitragen. Sei bereit f\u00fcr eine spirituelle Reise zu DIR selbst.<\/p>\n\n\n\n<p>Es erwarten Dich 3 angeleitete YOGAsessions und Meditation (ohne Vorkenntnisse gut zu bew\u00e4ltigen), veganes Essen, Getr\u00e4nke, ein CreativePoint, R\u00e4ucherwerk &amp; eine ChilloutLounge und nat\u00fcrlich der wertvolle Austausch unter den TeilnehmerInnen.<\/p>\n\n\n\n<p>Neue Erfahrungen brauchen Mut&#8230;Es wird wundervoll!<\/p>\n\n\n\n<p>DAS Team von &#8222;Wir sind G\u00fcsen&#8220; e.V. unterst\u00fctzt dieses Event herzlich gern. <a href=\"https:\/\/www.facebook.com\/hashtag\/wirmachenyoga?__eep__=6&amp;__cft__%5b0%5d=AZWFUc6Ak8-2PJpLghySYyCHkGJIpDw7qn0V6l7taDFpRyNzyddhDOGhpEn9TKj3eqNwlmKelthHFAcKJUrXsNtbyTS5NbwWLeVaEO4RyMU31Jz6KFCBMmDnzvQJvKM5PcqRyxrNwoyJ4ffYAAOpXbHZDoHM1TbcUUiNeK5JLX1hBg&amp;__tn__=*NK-R\">#wirmachenYOGA<\/a><\/p>\n\n\n\n<p><a href=\"https:\/\/www.facebook.com\/hashtag\/sagesweiter?__eep__=6&amp;__cft__%5b0%5d=AZWFUc6Ak8-2PJpLghySYyCHkGJIpDw7qn0V6l7taDFpRyNzyddhDOGhpEn9TKj3eqNwlmKelthHFAcKJUrXsNtbyTS5NbwWLeVaEO4RyMU31Jz6KFCBMmDnzvQJvKM5PcqRyxrNwoyJ4ffYAAOpXbHZDoHM1TbcUUiNeK5JLX1hBg&amp;__tn__=*NK-R\">#sagesweiter<\/a> <a href=\"https:\/\/www.facebook.com\/hashtag\/verbundeninderregion?__eep__=6&amp;__cft__%5b0%5d=AZWFUc6Ak8-2PJpLghySYyCHkGJIpDw7qn0V6l7taDFpRyNzyddhDOGhpEn9TKj3eqNwlmKelthHFAcKJUrXsNtbyTS5NbwWLeVaEO4RyMU31Jz6KFCBMmDnzvQJvKM5PcqRyxrNwoyJ4ffYAAOpXbHZDoHM1TbcUUiNeK5JLX1hBg&amp;__tn__=*NK-R\">#verbundeninderRegion<\/a> <a href=\"https:\/\/www.facebook.com\/hashtag\/ausliebezurheimat?__eep__=6&amp;__cft__%5b0%5d=AZWFUc6Ak8-2PJpLghySYyCHkGJIpDw7qn0V6l7taDFpRyNzyddhDOGhpEn9TKj3eqNwlmKelthHFAcKJUrXsNtbyTS5NbwWLeVaEO4RyMU31Jz6KFCBMmDnzvQJvKM5PcqRyxrNwoyJ4ffYAAOpXbHZDoHM1TbcUUiNeK5JLX1hBg&amp;__tn__=*NK-R\">#ausliebezurHEIMAT<\/a> <a href=\"https:\/\/www.facebook.com\/hashtag\/g%C3%BCsen?__eep__=6&amp;__cft__%5b0%5d=AZWFUc6Ak8-2PJpLghySYyCHkGJIpDw7qn0V6l7taDFpRyNzyddhDOGhpEn9TKj3eqNwlmKelthHFAcKJUrXsNtbyTS5NbwWLeVaEO4RyMU31Jz6KFCBMmDnzvQJvKM5PcqRyxrNwoyJ4ffYAAOpXbHZDoHM1TbcUUiNeK5JLX1hBg&amp;__tn__=*NK-R\">#g\u00fcsen<\/a> <a href=\"https:\/\/www.facebook.com\/hashtag\/elbeparey?__eep__=6&amp;__cft__%5b0%5d=AZWFUc6Ak8-2PJpLghySYyCHkGJIpDw7qn0V6l7taDFpRyNzyddhDOGhpEn9TKj3eqNwlmKelthHFAcKJUrXsNtbyTS5NbwWLeVaEO4RyMU31Jz6KFCBMmDnzvQJvKM5PcqRyxrNwoyJ4ffYAAOpXbHZDoHM1TbcUUiNeK5JLX1hBg&amp;__tn__=*NK-R\">#ElbeParey<\/a> <a href=\"https:\/\/www.facebook.com\/hashtag\/sachsenanhalt?__eep__=6&amp;__cft__%5b0%5d=AZWFUc6Ak8-2PJpLghySYyCHkGJIpDw7qn0V6l7taDFpRyNzyddhDOGhpEn9TKj3eqNwlmKelthHFAcKJUrXsNtbyTS5NbwWLeVaEO4RyMU31Jz6KFCBMmDnzvQJvKM5PcqRyxrNwoyJ4ffYAAOpXbHZDoHM1TbcUUiNeK5JLX1hBg&amp;__tn__=*NK-R\">#sachsenanhalt<\/a><\/p>\n\n\n\n<p><\/p>\n\n\n\n<figure class=\"wp-block-image size-large\"><img loading=\"lazy\" decoding=\"async\" width=\"724\" height=\"1024\" src=\"https:\/\/wirsindguesen.de\/wp-content\/uploads\/2021\/08\/IMG-20210828-WA0000-724x1024.jpg\" alt=\"\" class=\"wp-image-368\" srcset=\"https:\/\/wirsindguesen.de\/wp-content\/uploads\/2021\/08\/IMG-20210828-WA0000-724x1024.jpg 724w, https:\/\/wirsindguesen.de\/wp-content\/uploads\/2021\/08\/IMG-20210828-WA0000-212x300.jpg 212w, https:\/\/wirsindguesen.de\/wp-content\/uploads\/2021\/08\/IMG-20210828-WA0000-768x1086.jpg 768w, https:\/\/wirsindguesen.de\/wp-content\/uploads\/2021\/08\/IMG-20210828-WA0000-1086x1536.jpg 1086w, https:\/\/wirsindguesen.de\/wp-content\/uploads\/2021\/08\/IMG-20210828-WA0000.jpg 1131w\" sizes=\"auto, (max-width: 724px) 100vw, 724px\" \/><\/figure>\n\n\n\n<figure class=\"wp-block-image size-large\"><img loading=\"lazy\" decoding=\"async\" width=\"724\" height=\"1024\" src=\"https:\/\/wirsindguesen.de\/wp-content\/uploads\/2021\/08\/IMG-20210828-WA0001-724x1024.jpg\" alt=\"\" class=\"wp-image-369\" srcset=\"https:\/\/wirsindguesen.de\/wp-content\/uploads\/2021\/08\/IMG-20210828-WA0001-724x1024.jpg 724w, https:\/\/wirsindguesen.de\/wp-content\/uploads\/2021\/08\/IMG-20210828-WA0001-212x300.jpg 212w, https:\/\/wirsindguesen.de\/wp-content\/uploads\/2021\/08\/IMG-20210828-WA0001-768x1086.jpg 768w, https:\/\/wirsindguesen.de\/wp-content\/uploads\/2021\/08\/IMG-20210828-WA0001-1086x1536.jpg 1086w, https:\/\/wirsindguesen.de\/wp-content\/uploads\/2021\/08\/IMG-20210828-WA0001.jpg 1131w\" sizes=\"auto, (max-width: 724px) 100vw, 724px\" \/><\/figure>\n","protected":false},"excerpt":{"rendered":"<p>Claudia M\u00fcller, Yogalehrerin &amp; Vitalassistentin, hat etwas Gro\u00dfartiges geschaffen: das 1. YOGAFESTIVAL in unserer Region Elbe-Parey. Sei auch DU ein Teil dieses spirituellen und energetischen Events an der Freilichtb\u00fchne G\u00fcsen. Sichere Dir noch heute dein Ticket, um an diesem Tag &hellip; <a href=\"https:\/\/wirsindguesen.de\/index.php\/2021\/08\/28\/yogafestival-yoga-spirit-an-der-freilichtbuehne-guesen-safe-the-date-18-09-2021\/\">Weiterlesen <span class=\"meta-nav\">&rarr;<\/span><\/a><\/p>\n","protected":false},"author":1,"featured_media":0,"comment_status":"open","ping_status":"open","sticky":false,"template":"","format":"standard","meta":{"footnotes":""},"categories":[1],"tags":[],"class_list":["post-367","post","type-post","status-publish","format-standard","hentry","category-allgemein"],"_links":{"self":[{"href":"https:\/\/wirsindguesen.de\/index.php\/wp-json\/wp\/v2\/posts\/367","targetHints":{"allow":["GET"]}}],"collection":[{"href":"https:\/\/wirsindguesen.de\/index.php\/wp-json\/wp\/v2\/posts"}],"about":[{"href":"https:\/\/wirsindguesen.de\/index.php\/wp-json\/wp\/v2\/types\/post"}],"author":[{"embeddable":true,"href":"https:\/\/wirsindguesen.de\/index.php\/wp-json\/wp\/v2\/users\/1"}],"replies":[{"embeddable":true,"href":"https:\/\/wirsindguesen.de\/index.php\/wp-json\/wp\/v2\/comments?post=367"}],"version-history":[{"count":2,"href":"https:\/\/wirsindguesen.de\/index.php\/wp-json\/wp\/v2\/posts\/367\/revisions"}],"predecessor-version":[{"id":375,"href":"https:\/\/wirsindguesen.de\/index.php\/wp-json\/wp\/v2\/posts\/367\/revisions\/375"}],"wp:attachment":[{"href":"https:\/\/wirsindguesen.de\/index.php\/wp-json\/wp\/v2\/media?parent=367"}],"wp:term":[{"taxonomy":"category","embeddable":true,"href":"https:\/\/wirsindguesen.de\/index.php\/wp-json\/wp\/v2\/categories?post=367"},{"taxonomy":"post_tag","embeddable":true,"href":"https:\/\/wirsindguesen.de\/index.php\/wp-json\/wp\/v2\/tags?post=367"}],"curies":[{"name":"wp","href":"https:\/\/api.w.org\/{rel}","templated":true}]}}