{"id":371,"date":"2021-08-28T11:32:26","date_gmt":"2021-08-28T09:32:26","guid":{"rendered":"http:\/\/wirsindguesen.de\/?p=371"},"modified":"2021-10-01T21:12:31","modified_gmt":"2021-10-01T19:12:31","slug":"openair-saisonfinale-an-der-freilichtbuehne-guesen-25-09-2021","status":"publish","type":"post","link":"https:\/\/wirsindguesen.de\/index.php\/2021\/08\/28\/openair-saisonfinale-an-der-freilichtbuehne-guesen-25-09-2021\/","title":{"rendered":"OpenAir Saisonfinale an der Freilichtb\u00fchne G\u00fcsen 25.09.2021"},"content":{"rendered":"\n<p>Zum Abschluss unserer OpenAirSaison verzaubern wir Euch mit einem grandiosen Partykracher&#8230;Atemlos &#8211; Die Partyband aus Hettstedt wird Dir und Deinen Lieblingsmenschen ein vierst\u00fcndiges Partyprogramm liefern. Als OpeningAct wird Joe Carpenter f\u00fcr sanfte Stimmung sorgen.<\/p>\n\n\n\n<p>Sei auch DU wieder dabei&#8230;zum letzten Konzert 2021 an der Freilichtb\u00fchne G\u00fcsen.<\/p>\n\n\n\n<p>Sichere Dir noch heute die exklusiven Tickets f\u00fcr unser SaisonFinale unter <a href=\"http:\/\/www.freilichtb\u00fchne-g\u00fcsen.de\">www.freilichtb\u00fchne-g\u00fcsen.de<\/a> oder an unseren Vorverkaufsstellen LebensArt Cora Schr\u00f6der Parey | Steinhaus Burg | Roxy G\u00fcsen | Modepavillon Heidi H\u00fcnecke | Touristeninformation GNT | Dein Lieblingsplatz Parey.<\/p>\n\n\n\n<p>#wirmachenKULTUR #freilichtb\u00fchneg\u00fcsen&nbsp;<\/p>\n\n\n\n<p>#wirsindg\u00fcsen #saison2021 #g\u00fcsen #ElbeParey #sachsenanhalt&nbsp;<\/p>\n\n\n\n<p>Euer Team von &#8222;Wir sind G\u00fcsen&#8220; e.V.<\/p>\n\n\n\n<figure class=\"wp-block-image size-large\"><img loading=\"lazy\" decoding=\"async\" width=\"726\" height=\"1024\" src=\"https:\/\/wirsindguesen.de\/wp-content\/uploads\/2021\/08\/IMG-20210828-WA0002-726x1024.jpg\" alt=\"\" class=\"wp-image-372\" srcset=\"https:\/\/wirsindguesen.de\/wp-content\/uploads\/2021\/08\/IMG-20210828-WA0002-726x1024.jpg 726w, https:\/\/wirsindguesen.de\/wp-content\/uploads\/2021\/08\/IMG-20210828-WA0002-213x300.jpg 213w, https:\/\/wirsindguesen.de\/wp-content\/uploads\/2021\/08\/IMG-20210828-WA0002-768x1084.jpg 768w, https:\/\/wirsindguesen.de\/wp-content\/uploads\/2021\/08\/IMG-20210828-WA0002-1089x1536.jpg 1089w, https:\/\/wirsindguesen.de\/wp-content\/uploads\/2021\/08\/IMG-20210828-WA0002.jpg 1134w\" sizes=\"auto, (max-width: 726px) 100vw, 726px\" \/><\/figure>\n","protected":false},"excerpt":{"rendered":"<p>Zum Abschluss unserer OpenAirSaison verzaubern wir Euch mit einem grandiosen Partykracher&#8230;Atemlos &#8211; Die Partyband aus Hettstedt wird Dir und Deinen Lieblingsmenschen ein vierst\u00fcndiges Partyprogramm liefern. Als OpeningAct wird Joe Carpenter f\u00fcr sanfte Stimmung sorgen. Sei auch DU wieder dabei&#8230;zum letzten &hellip; <a href=\"https:\/\/wirsindguesen.de\/index.php\/2021\/08\/28\/openair-saisonfinale-an-der-freilichtbuehne-guesen-25-09-2021\/\">Weiterlesen <span class=\"meta-nav\">&rarr;<\/span><\/a><\/p>\n","protected":false},"author":1,"featured_media":0,"comment_status":"open","ping_status":"open","sticky":false,"template":"","format":"standard","meta":{"footnotes":""},"categories":[1],"tags":[],"class_list":["post-371","post","type-post","status-publish","format-standard","hentry","category-allgemein"],"_links":{"self":[{"href":"https:\/\/wirsindguesen.de\/index.php\/wp-json\/wp\/v2\/posts\/371","targetHints":{"allow":["GET"]}}],"collection":[{"href":"https:\/\/wirsindguesen.de\/index.php\/wp-json\/wp\/v2\/posts"}],"about":[{"href":"https:\/\/wirsindguesen.de\/index.php\/wp-json\/wp\/v2\/types\/post"}],"author":[{"embeddable":true,"href":"https:\/\/wirsindguesen.de\/index.php\/wp-json\/wp\/v2\/users\/1"}],"replies":[{"embeddable":true,"href":"https:\/\/wirsindguesen.de\/index.php\/wp-json\/wp\/v2\/comments?post=371"}],"version-history":[{"count":1,"href":"https:\/\/wirsindguesen.de\/index.php\/wp-json\/wp\/v2\/posts\/371\/revisions"}],"predecessor-version":[{"id":373,"href":"https:\/\/wirsindguesen.de\/index.php\/wp-json\/wp\/v2\/posts\/371\/revisions\/373"}],"wp:attachment":[{"href":"https:\/\/wirsindguesen.de\/index.php\/wp-json\/wp\/v2\/media?parent=371"}],"wp:term":[{"taxonomy":"category","embeddable":true,"href":"https:\/\/wirsindguesen.de\/index.php\/wp-json\/wp\/v2\/categories?post=371"},{"taxonomy":"post_tag","embeddable":true,"href":"https:\/\/wirsindguesen.de\/index.php\/wp-json\/wp\/v2\/tags?post=371"}],"curies":[{"name":"wp","href":"https:\/\/api.w.org\/{rel}","templated":true}]}}