{"id":377,"date":"2021-10-01T21:12:01","date_gmt":"2021-10-01T19:12:01","guid":{"rendered":"http:\/\/wirsindguesen.de\/?p=377"},"modified":"2021-10-01T21:12:01","modified_gmt":"2021-10-01T19:12:01","slug":"guesener-herbstzauber-im-wald-praesentiert-von-den-natur-und-waldfreunden-guesen-e-v","status":"publish","type":"post","link":"https:\/\/wirsindguesen.de\/index.php\/2021\/10\/01\/guesener-herbstzauber-im-wald-praesentiert-von-den-natur-und-waldfreunden-guesen-e-v\/","title":{"rendered":"G\u00fcsener Herbstzauber im Wald pr\u00e4sentiert von den &#8222;Natur- und Waldfreunden G\u00fcsen e.V.&#8220;"},"content":{"rendered":"\n<p>Wenn die Temperaturen fallen, steigt die Vorfreude. Jedes Jahr aufs Neue freuen wir uns auf die goldene Jahreszeit&#8230;Die Natur wechselt von gr\u00fcn auf grau. Aber vorher wird sie nochmal richtig bunt. Oft verw\u00f6hnt uns ein Goldener Oktober mit einem farbenpr\u00e4chtigen Herbstwald. Am Samstag verzaubern die Natur- und Waldfreunde G\u00fcsen e.V. an ihrer Jagdh\u00fctte im G\u00fcsener Wald viele Interessierte mit diesem Flair. Der G\u00fcsener Herbstzauber beginnt ab 16 Uhr. Es wird f\u00fcr Kinder ein sch\u00f6nes AktivProgramm geboten&#8230;die kalten H\u00e4nde werden am Stockbrot oder den hei\u00dfen Pellkartoffeln gew\u00e4rmt. Der Verein h\u00e4lt weitere Speisen &amp; Getr\u00e4nke bereit&#8230;Sei auch DU dabei&#8230;G\u00fcsen trifft sich mal wieder an der Jagdh\u00fctte&#8230;zum &#8222;G\u00fcsener Herbstzauber im Wald!&#8220; gemeinsam mit Dir! <a href=\"https:\/\/www.facebook.com\/hashtag\/ausliebezurheimat?__eep__=6&amp;__cft__[0]=AZX6Y1Yo5AuSzTNiAtItsCdslGn4WzbW56pm0kv6UW7JdkCkFPv6DWqal7VpedMK30yUZ06ytUUsGVZVvy11pZG7p5BEvwIH_w4anAbANNvrFzLyKvfayoi5a8GDP3l4ZycYwSMAb5FQWKStUUGSB1DOy1uEmV5_jHDQs4l70ykEgw&amp;__tn__=*NK-R\">#ausliebezurHEIMAT<\/a><a href=\"https:\/\/www.facebook.com\/hashtag\/sagesweiter?__eep__=6&amp;__cft__[0]=AZX6Y1Yo5AuSzTNiAtItsCdslGn4WzbW56pm0kv6UW7JdkCkFPv6DWqal7VpedMK30yUZ06ytUUsGVZVvy11pZG7p5BEvwIH_w4anAbANNvrFzLyKvfayoi5a8GDP3l4ZycYwSMAb5FQWKStUUGSB1DOy1uEmV5_jHDQs4l70ykEgw&amp;__tn__=*NK-R\">#sagesweiter<\/a><a href=\"https:\/\/www.facebook.com\/hashtag\/erholungdaheim?__eep__=6&amp;__cft__[0]=AZX6Y1Yo5AuSzTNiAtItsCdslGn4WzbW56pm0kv6UW7JdkCkFPv6DWqal7VpedMK30yUZ06ytUUsGVZVvy11pZG7p5BEvwIH_w4anAbANNvrFzLyKvfayoi5a8GDP3l4ZycYwSMAb5FQWKStUUGSB1DOy1uEmV5_jHDQs4l70ykEgw&amp;__tn__=*NK-R\">#erholungdaheim<\/a><a href=\"https:\/\/www.facebook.com\/hashtag\/g%C3%BCsen?__eep__=6&amp;__cft__[0]=AZX6Y1Yo5AuSzTNiAtItsCdslGn4WzbW56pm0kv6UW7JdkCkFPv6DWqal7VpedMK30yUZ06ytUUsGVZVvy11pZG7p5BEvwIH_w4anAbANNvrFzLyKvfayoi5a8GDP3l4ZycYwSMAb5FQWKStUUGSB1DOy1uEmV5_jHDQs4l70ykEgw&amp;__tn__=*NK-R\">#g\u00fcsen<\/a><a href=\"https:\/\/www.facebook.com\/hashtag\/elbeparey?__eep__=6&amp;__cft__[0]=AZX6Y1Yo5AuSzTNiAtItsCdslGn4WzbW56pm0kv6UW7JdkCkFPv6DWqal7VpedMK30yUZ06ytUUsGVZVvy11pZG7p5BEvwIH_w4anAbANNvrFzLyKvfayoi5a8GDP3l4ZycYwSMAb5FQWKStUUGSB1DOy1uEmV5_jHDQs4l70ykEgw&amp;__tn__=*NK-R\">#ElbeParey<\/a><a href=\"https:\/\/www.facebook.com\/hashtag\/sachsenanhalt?__eep__=6&amp;__cft__[0]=AZX6Y1Yo5AuSzTNiAtItsCdslGn4WzbW56pm0kv6UW7JdkCkFPv6DWqal7VpedMK30yUZ06ytUUsGVZVvy11pZG7p5BEvwIH_w4anAbANNvrFzLyKvfayoi5a8GDP3l4ZycYwSMAb5FQWKStUUGSB1DOy1uEmV5_jHDQs4l70ykEgw&amp;__tn__=*NK-R\">#sachsenanhalt<\/a><\/p>\n\n\n\n<figure class=\"wp-block-image size-full\"><img loading=\"lazy\" decoding=\"async\" width=\"508\" height=\"720\" src=\"https:\/\/wirsindguesen.de\/wp-content\/uploads\/2021\/10\/243173668_646946030019634_1194121793968509470_n.jpg\" alt=\"\" class=\"wp-image-378\" srcset=\"https:\/\/wirsindguesen.de\/wp-content\/uploads\/2021\/10\/243173668_646946030019634_1194121793968509470_n.jpg 508w, https:\/\/wirsindguesen.de\/wp-content\/uploads\/2021\/10\/243173668_646946030019634_1194121793968509470_n-212x300.jpg 212w\" sizes=\"auto, (max-width: 508px) 100vw, 508px\" \/><\/figure>\n","protected":false},"excerpt":{"rendered":"<p>Wenn die Temperaturen fallen, steigt die Vorfreude. Jedes Jahr aufs Neue freuen wir uns auf die goldene Jahreszeit&#8230;Die Natur wechselt von gr\u00fcn auf grau. Aber vorher wird sie nochmal richtig bunt. Oft verw\u00f6hnt uns ein Goldener Oktober mit einem farbenpr\u00e4chtigen &hellip; <a href=\"https:\/\/wirsindguesen.de\/index.php\/2021\/10\/01\/guesener-herbstzauber-im-wald-praesentiert-von-den-natur-und-waldfreunden-guesen-e-v\/\">Weiterlesen <span class=\"meta-nav\">&rarr;<\/span><\/a><\/p>\n","protected":false},"author":1,"featured_media":0,"comment_status":"open","ping_status":"open","sticky":false,"template":"","format":"standard","meta":{"footnotes":""},"categories":[1],"tags":[],"class_list":["post-377","post","type-post","status-publish","format-standard","hentry","category-allgemein"],"_links":{"self":[{"href":"https:\/\/wirsindguesen.de\/index.php\/wp-json\/wp\/v2\/posts\/377","targetHints":{"allow":["GET"]}}],"collection":[{"href":"https:\/\/wirsindguesen.de\/index.php\/wp-json\/wp\/v2\/posts"}],"about":[{"href":"https:\/\/wirsindguesen.de\/index.php\/wp-json\/wp\/v2\/types\/post"}],"author":[{"embeddable":true,"href":"https:\/\/wirsindguesen.de\/index.php\/wp-json\/wp\/v2\/users\/1"}],"replies":[{"embeddable":true,"href":"https:\/\/wirsindguesen.de\/index.php\/wp-json\/wp\/v2\/comments?post=377"}],"version-history":[{"count":1,"href":"https:\/\/wirsindguesen.de\/index.php\/wp-json\/wp\/v2\/posts\/377\/revisions"}],"predecessor-version":[{"id":379,"href":"https:\/\/wirsindguesen.de\/index.php\/wp-json\/wp\/v2\/posts\/377\/revisions\/379"}],"wp:attachment":[{"href":"https:\/\/wirsindguesen.de\/index.php\/wp-json\/wp\/v2\/media?parent=377"}],"wp:term":[{"taxonomy":"category","embeddable":true,"href":"https:\/\/wirsindguesen.de\/index.php\/wp-json\/wp\/v2\/categories?post=377"},{"taxonomy":"post_tag","embeddable":true,"href":"https:\/\/wirsindguesen.de\/index.php\/wp-json\/wp\/v2\/tags?post=377"}],"curies":[{"name":"wp","href":"https:\/\/api.w.org\/{rel}","templated":true}]}}