{"id":410,"date":"2021-10-29T22:35:27","date_gmt":"2021-10-29T20:35:27","guid":{"rendered":"http:\/\/wirsindguesen.de\/?p=410"},"modified":"2021-10-29T22:35:27","modified_gmt":"2021-10-29T20:35:27","slug":"guesen-trifft-sich-zum-gruseligen-kuerbisschnitzen-an-der-jagdhuette","status":"publish","type":"post","link":"https:\/\/wirsindguesen.de\/index.php\/2021\/10\/29\/guesen-trifft-sich-zum-gruseligen-kuerbisschnitzen-an-der-jagdhuette\/","title":{"rendered":"&#8222;G\u00fcsen trifft sich&#8230;!&#8220; zum Gruseligen K\u00fcrbisschnitzen an der Jagdh\u00fctte."},"content":{"rendered":"\n<p>Der Heimatverein &#8222;Wir sind G\u00fcsen&#8220; eV. bot gemeinsam mit den Natur- und Waldfreunde G\u00fcsen e.V. ein schaurig kreatives Event f\u00fcr unsere Kinder im Ort.<br>Zwei Workshops im K\u00fcrbisschnitzen begeisterten jeweils 8 Kinder mit ihren Begleitperson. Bei herbstlichen Kinderliedern, einer schaurigen Halloweendeko und kreativen Schnitzvorlagen lie\u00dfen sich die Kinder schnell begeistern und gestalteten 1 &#8211; 2 K\u00fcrbisgesichter mit ihren Begleitungen. Nach der anstrengenden Schnitzerei w\u00e4rmten unsere kleinen Besucher ihre kalten Finger am warmen Tee und den leckeren Pommes von WsG! Unser Event wurde von Kindern aus G\u00fcsen, Zerben, Parey &amp; Parchau besucht.<br><br>Unser Dorfkind Luis Kampe sponsorte gemeinsam mit Opa G\u00fcnther Kampe aus Parchen die rund 30 K\u00fcrbisse, herzlichen Dank an dieser Stelle!<br><br>Ein rundum gelungenes kleines Event&#8230;man trifft sich in G\u00fcsen&#8230;gemeinsam zu kleinen sch\u00f6nen Aktivit\u00e4ten&#8230;sch\u00f6nen Gespr\u00e4chen&#8230;genau dieses wohlige Miteinander m\u00f6chten wir in G\u00fcsen pflegen und auch schon unseren Kindern vermitteln&#8230;<br>#ausliebezurHEIMAT #erholungdaheim #gemeinsamErleben #traditionenpflegen<br>#g\u00fcsen #ElbeParey #sachsenanhalt<br>#unserDorfhatZukunft<\/p>\n\n\n\n<figure class=\"wp-block-image size-large\"><img loading=\"lazy\" decoding=\"async\" width=\"1024\" height=\"1024\" src=\"https:\/\/wirsindguesen.de\/wp-content\/uploads\/2021\/10\/inCollage_20211029_205116836-1024x1024.jpg\" alt=\"\" class=\"wp-image-411\" srcset=\"https:\/\/wirsindguesen.de\/wp-content\/uploads\/2021\/10\/inCollage_20211029_205116836-1024x1024.jpg 1024w, https:\/\/wirsindguesen.de\/wp-content\/uploads\/2021\/10\/inCollage_20211029_205116836-300x300.jpg 300w, https:\/\/wirsindguesen.de\/wp-content\/uploads\/2021\/10\/inCollage_20211029_205116836-150x150.jpg 150w, https:\/\/wirsindguesen.de\/wp-content\/uploads\/2021\/10\/inCollage_20211029_205116836-768x768.jpg 768w, https:\/\/wirsindguesen.de\/wp-content\/uploads\/2021\/10\/inCollage_20211029_205116836-1536x1536.jpg 1536w, https:\/\/wirsindguesen.de\/wp-content\/uploads\/2021\/10\/inCollage_20211029_205116836.jpg 1920w\" sizes=\"auto, (max-width: 1024px) 100vw, 1024px\" \/><\/figure>\n","protected":false},"excerpt":{"rendered":"<p>Der Heimatverein &#8222;Wir sind G\u00fcsen&#8220; eV. bot gemeinsam mit den Natur- und Waldfreunde G\u00fcsen e.V. ein schaurig kreatives Event f\u00fcr unsere Kinder im Ort.Zwei Workshops im K\u00fcrbisschnitzen begeisterten jeweils 8 Kinder mit ihren Begleitperson. Bei herbstlichen Kinderliedern, einer schaurigen Halloweendeko &hellip; <a href=\"https:\/\/wirsindguesen.de\/index.php\/2021\/10\/29\/guesen-trifft-sich-zum-gruseligen-kuerbisschnitzen-an-der-jagdhuette\/\">Weiterlesen <span class=\"meta-nav\">&rarr;<\/span><\/a><\/p>\n","protected":false},"author":1,"featured_media":0,"comment_status":"open","ping_status":"open","sticky":false,"template":"","format":"standard","meta":{"footnotes":""},"categories":[1],"tags":[],"class_list":["post-410","post","type-post","status-publish","format-standard","hentry","category-allgemein"],"_links":{"self":[{"href":"https:\/\/wirsindguesen.de\/index.php\/wp-json\/wp\/v2\/posts\/410","targetHints":{"allow":["GET"]}}],"collection":[{"href":"https:\/\/wirsindguesen.de\/index.php\/wp-json\/wp\/v2\/posts"}],"about":[{"href":"https:\/\/wirsindguesen.de\/index.php\/wp-json\/wp\/v2\/types\/post"}],"author":[{"embeddable":true,"href":"https:\/\/wirsindguesen.de\/index.php\/wp-json\/wp\/v2\/users\/1"}],"replies":[{"embeddable":true,"href":"https:\/\/wirsindguesen.de\/index.php\/wp-json\/wp\/v2\/comments?post=410"}],"version-history":[{"count":1,"href":"https:\/\/wirsindguesen.de\/index.php\/wp-json\/wp\/v2\/posts\/410\/revisions"}],"predecessor-version":[{"id":412,"href":"https:\/\/wirsindguesen.de\/index.php\/wp-json\/wp\/v2\/posts\/410\/revisions\/412"}],"wp:attachment":[{"href":"https:\/\/wirsindguesen.de\/index.php\/wp-json\/wp\/v2\/media?parent=410"}],"wp:term":[{"taxonomy":"category","embeddable":true,"href":"https:\/\/wirsindguesen.de\/index.php\/wp-json\/wp\/v2\/categories?post=410"},{"taxonomy":"post_tag","embeddable":true,"href":"https:\/\/wirsindguesen.de\/index.php\/wp-json\/wp\/v2\/tags?post=410"}],"curies":[{"name":"wp","href":"https:\/\/api.w.org\/{rel}","templated":true}]}}