{"id":438,"date":"2022-03-12T20:55:01","date_gmt":"2022-03-12T19:55:01","guid":{"rendered":"http:\/\/wirsindguesen.de\/?p=438"},"modified":"2022-03-12T20:55:01","modified_gmt":"2022-03-12T19:55:01","slug":"mitgliederinfoveranstaltung-im-maerz-2022","status":"publish","type":"post","link":"https:\/\/wirsindguesen.de\/index.php\/2022\/03\/12\/mitgliederinfoveranstaltung-im-maerz-2022\/","title":{"rendered":"Mitgliederinfoveranstaltung im M\u00e4rz 2022"},"content":{"rendered":"\n<p>Am Freitag hat der Vorstand des Heimatvereins zur Mitgliederinfoveranstaltung eingeladen. Zur gro\u00dfen \u00dcberraschung aller Mitglieder wurden wir vom Landrat Dr. Steffen Burchhardt f\u00fcr unser engagiertes Wirken in unserem &#8222;Dorf mit Zukunft&#8220; gew\u00fcrdigt.\u00a0<br>Vor allem in der schweren Zeit der Pandemie immer weiter an Projektzielen und einem Vereinsleben festzuhalten, zeigt unsere Verbundenheit &amp; Entschlossenheit, den Ort weiterhin lebenswert zu erhalten und zu gestalten. Daf\u00fcr hat er allen Mitgliedern seinen Dank f\u00fcr ein aktives Ehrenamt ausgesprochen.\u00a0#ehrenamtmitherz<br><br>Der Vorstand informierte zudem \u00fcber weitere Vorhaben f\u00fcr 2022: Projektvisionen &amp; -umsetzungen! Ein gro\u00dfe W\u00fcrdigung f\u00fcr ihr Ehrenamt mit Herz ging an alle Mitglieder.<br><br>Am 01.06. wird G\u00fcsen sich im Landeswettbewerb &#8222;Unser Dorf hat Zukunft&#8220; der angek\u00fcndigten Jury traditionell, generationenverbindend und zukunftsversiert pr\u00e4sentieren.\u00a0<br><br>#unserDorfhatZukunft #ehrenamtmitherz #wirsindg\u00fcsen #freilichtb\u00fchneg\u00fcsen #wirmachenKULTUR #g\u00fcsenbl\u00fchtauf #wirmachenBIENENgl\u00fccklich #derSchwarmunseresLebens #bienengarten #wildblumenwiese #wirnetzwerken #g\u00fcsen #ElbeParey #jerichowerland #sachsenanhalt<br><br><\/p>\n\n\n\n<figure class=\"wp-block-image size-large\"><img loading=\"lazy\" decoding=\"async\" width=\"1024\" height=\"768\" src=\"https:\/\/wirsindguesen.de\/wp-content\/uploads\/2022\/03\/20220310_141101-1024x768.jpg\" alt=\"\" class=\"wp-image-439\" srcset=\"https:\/\/wirsindguesen.de\/wp-content\/uploads\/2022\/03\/20220310_141101-1024x768.jpg 1024w, https:\/\/wirsindguesen.de\/wp-content\/uploads\/2022\/03\/20220310_141101-300x225.jpg 300w, https:\/\/wirsindguesen.de\/wp-content\/uploads\/2022\/03\/20220310_141101-768x576.jpg 768w, https:\/\/wirsindguesen.de\/wp-content\/uploads\/2022\/03\/20220310_141101-1536x1152.jpg 1536w, https:\/\/wirsindguesen.de\/wp-content\/uploads\/2022\/03\/20220310_141101-400x300.jpg 400w, https:\/\/wirsindguesen.de\/wp-content\/uploads\/2022\/03\/20220310_141101.jpg 1600w\" sizes=\"auto, (max-width: 1024px) 100vw, 1024px\" \/><\/figure>\n","protected":false},"excerpt":{"rendered":"<p>Am Freitag hat der Vorstand des Heimatvereins zur Mitgliederinfoveranstaltung eingeladen. Zur gro\u00dfen \u00dcberraschung aller Mitglieder wurden wir vom Landrat Dr. Steffen Burchhardt f\u00fcr unser engagiertes Wirken in unserem &#8222;Dorf mit Zukunft&#8220; gew\u00fcrdigt.\u00a0Vor allem in der schweren Zeit der Pandemie immer &hellip; <a href=\"https:\/\/wirsindguesen.de\/index.php\/2022\/03\/12\/mitgliederinfoveranstaltung-im-maerz-2022\/\">Weiterlesen <span class=\"meta-nav\">&rarr;<\/span><\/a><\/p>\n","protected":false},"author":1,"featured_media":0,"comment_status":"open","ping_status":"open","sticky":false,"template":"","format":"standard","meta":{"footnotes":""},"categories":[1],"tags":[],"class_list":["post-438","post","type-post","status-publish","format-standard","hentry","category-allgemein"],"_links":{"self":[{"href":"https:\/\/wirsindguesen.de\/index.php\/wp-json\/wp\/v2\/posts\/438","targetHints":{"allow":["GET"]}}],"collection":[{"href":"https:\/\/wirsindguesen.de\/index.php\/wp-json\/wp\/v2\/posts"}],"about":[{"href":"https:\/\/wirsindguesen.de\/index.php\/wp-json\/wp\/v2\/types\/post"}],"author":[{"embeddable":true,"href":"https:\/\/wirsindguesen.de\/index.php\/wp-json\/wp\/v2\/users\/1"}],"replies":[{"embeddable":true,"href":"https:\/\/wirsindguesen.de\/index.php\/wp-json\/wp\/v2\/comments?post=438"}],"version-history":[{"count":1,"href":"https:\/\/wirsindguesen.de\/index.php\/wp-json\/wp\/v2\/posts\/438\/revisions"}],"predecessor-version":[{"id":440,"href":"https:\/\/wirsindguesen.de\/index.php\/wp-json\/wp\/v2\/posts\/438\/revisions\/440"}],"wp:attachment":[{"href":"https:\/\/wirsindguesen.de\/index.php\/wp-json\/wp\/v2\/media?parent=438"}],"wp:term":[{"taxonomy":"category","embeddable":true,"href":"https:\/\/wirsindguesen.de\/index.php\/wp-json\/wp\/v2\/categories?post=438"},{"taxonomy":"post_tag","embeddable":true,"href":"https:\/\/wirsindguesen.de\/index.php\/wp-json\/wp\/v2\/tags?post=438"}],"curies":[{"name":"wp","href":"https:\/\/api.w.org\/{rel}","templated":true}]}}