{"id":447,"date":"2022-05-21T17:02:02","date_gmt":"2022-05-21T15:02:02","guid":{"rendered":"https:\/\/wirsindguesen.de\/?p=447"},"modified":"2022-05-21T17:04:11","modified_gmt":"2022-05-21T15:04:11","slug":"mitfahrbank-wir-mobilisieren-guesenwartenmitfahrenankommen","status":"publish","type":"post","link":"https:\/\/wirsindguesen.de\/index.php\/2022\/05\/21\/mitfahrbank-wir-mobilisieren-guesenwartenmitfahrenankommen\/","title":{"rendered":"Mitfahrbank &#8211; Wir mobilisieren G\u00fcsen<br>warten\u2022mitfahren\u2022ankommen"},"content":{"rendered":"\n<p>Der Heimatverein hat eine neue Initiative im Ort ins Leben gerufen: die Mitfahrbank.<\/p>\n\n\n\n<p>Ein Treffpunkt spontaner Fahrgemeinschaft wurde geschaffen und kann nun genutzt werden.<\/p>\n\n\n\n<p>So kann vor allem im l\u00e4ndlichen Raum das Mobilit\u00e4tsangebot vor Ort erg\u00e4nzt werden.<\/p>\n\n\n\n<p>Eine Mitfahrbank ist eine im \u00f6ffentlichen Raum aufgestellte Sitzbank mit einem besonderen Zweck: Durch das Platznehmen auf dieser Bank signalisieren die Wartenden, dass sie auf eine spontane, kostenlose Mitfahrgelegenheit im PKW zu einem bestimmten Ziel hoffen.&nbsp;<\/p>\n\n\n\n<p>Zun\u00e4chst beschr\u00e4nkt sich das Angebot auf unseren Ort. Es wurden an der KIRCHE, in der DORFMITTE an der Mauer im Breite Weg &amp; am BAHNHOF jeweils eine Mitfahrbank gestellt.<\/p>\n\n\n\n<p>#wirmobilisierenG\u00fcsen<\/p>\n\n\n\n<p>Den Blick aufeinander zu richten, sich wahrnehmen und Wartende ein St\u00fcck im Ort mitnehmen ist das, was wir anregen m\u00f6chte. Unsere Ortsdurchfahrt zieht sich sehr in die L\u00e4nge, da k\u00f6nnen Wege zum Einkaufen oder zum Arzt sehr lang werden. Wir hoffen daher, dass das Angebot schnell angenommen wird.<\/p>\n\n\n\n<p>Mach auch DU mit und unterst\u00fctze unsere Initiative.<\/p>\n\n\n\n<p>An dieser Stelle m\u00f6chten wir uns bei unserem Team f\u00fcr das Planen und Aufstellen der B\u00e4nke bedanken. Ein gro\u00dfer Dank geht zudem an Dieter Jahn und Uwe B\u00fcst, die auch diese drei B\u00e4nke gebaut haben.<\/p>\n\n\n\n<p>#wirmobilisierenG\u00fcsen #Mitfahrbank #wirsindg\u00fcsen #verbundenimOrt #unserDorfhatZukunft#G\u00fcsen #Elbe-Parey #jerichowerland #sachsenanhalt<\/p>\n\n\n\n<figure class=\"wp-block-image size-large\"><img loading=\"lazy\" decoding=\"async\" width=\"1024\" height=\"1024\" src=\"https:\/\/wirsindguesen.de\/wp-content\/uploads\/2022\/05\/IMG-20220521-WA0030-1024x1024.jpg\" alt=\"\" class=\"wp-image-445\" srcset=\"https:\/\/wirsindguesen.de\/wp-content\/uploads\/2022\/05\/IMG-20220521-WA0030-1024x1024.jpg 1024w, https:\/\/wirsindguesen.de\/wp-content\/uploads\/2022\/05\/IMG-20220521-WA0030-300x300.jpg 300w, https:\/\/wirsindguesen.de\/wp-content\/uploads\/2022\/05\/IMG-20220521-WA0030-150x150.jpg 150w, https:\/\/wirsindguesen.de\/wp-content\/uploads\/2022\/05\/IMG-20220521-WA0030-768x768.jpg 768w, https:\/\/wirsindguesen.de\/wp-content\/uploads\/2022\/05\/IMG-20220521-WA0030-1536x1536.jpg 1536w, https:\/\/wirsindguesen.de\/wp-content\/uploads\/2022\/05\/IMG-20220521-WA0030.jpg 1774w\" sizes=\"auto, (max-width: 1024px) 100vw, 1024px\" \/><\/figure>\n","protected":false},"excerpt":{"rendered":"<p>Der Heimatverein hat eine neue Initiative im Ort ins Leben gerufen: die Mitfahrbank. Ein Treffpunkt spontaner Fahrgemeinschaft wurde geschaffen und kann nun genutzt werden. So kann vor allem im l\u00e4ndlichen Raum das Mobilit\u00e4tsangebot vor Ort erg\u00e4nzt werden. Eine Mitfahrbank ist &hellip; <a href=\"https:\/\/wirsindguesen.de\/index.php\/2022\/05\/21\/mitfahrbank-wir-mobilisieren-guesenwartenmitfahrenankommen\/\">Weiterlesen <span class=\"meta-nav\">&rarr;<\/span><\/a><\/p>\n","protected":false},"author":1,"featured_media":0,"comment_status":"open","ping_status":"open","sticky":false,"template":"","format":"standard","meta":{"footnotes":""},"categories":[1],"tags":[],"class_list":["post-447","post","type-post","status-publish","format-standard","hentry","category-allgemein"],"_links":{"self":[{"href":"https:\/\/wirsindguesen.de\/index.php\/wp-json\/wp\/v2\/posts\/447","targetHints":{"allow":["GET"]}}],"collection":[{"href":"https:\/\/wirsindguesen.de\/index.php\/wp-json\/wp\/v2\/posts"}],"about":[{"href":"https:\/\/wirsindguesen.de\/index.php\/wp-json\/wp\/v2\/types\/post"}],"author":[{"embeddable":true,"href":"https:\/\/wirsindguesen.de\/index.php\/wp-json\/wp\/v2\/users\/1"}],"replies":[{"embeddable":true,"href":"https:\/\/wirsindguesen.de\/index.php\/wp-json\/wp\/v2\/comments?post=447"}],"version-history":[{"count":1,"href":"https:\/\/wirsindguesen.de\/index.php\/wp-json\/wp\/v2\/posts\/447\/revisions"}],"predecessor-version":[{"id":448,"href":"https:\/\/wirsindguesen.de\/index.php\/wp-json\/wp\/v2\/posts\/447\/revisions\/448"}],"wp:attachment":[{"href":"https:\/\/wirsindguesen.de\/index.php\/wp-json\/wp\/v2\/media?parent=447"}],"wp:term":[{"taxonomy":"category","embeddable":true,"href":"https:\/\/wirsindguesen.de\/index.php\/wp-json\/wp\/v2\/categories?post=447"},{"taxonomy":"post_tag","embeddable":true,"href":"https:\/\/wirsindguesen.de\/index.php\/wp-json\/wp\/v2\/tags?post=447"}],"curies":[{"name":"wp","href":"https:\/\/api.w.org\/{rel}","templated":true}]}}