{"id":450,"date":"2022-05-24T20:51:11","date_gmt":"2022-05-24T18:51:11","guid":{"rendered":"http:\/\/wirsindguesen.de\/?p=450"},"modified":"2022-05-24T20:51:11","modified_gmt":"2022-05-24T18:51:11","slug":"freizeitinitiative-guesener-buecherbude-infreizeitverbinden","status":"publish","type":"post","link":"https:\/\/wirsindguesen.de\/index.php\/2022\/05\/24\/freizeitinitiative-guesener-buecherbude-infreizeitverbinden\/","title":{"rendered":"Freizeitinitiative G\u00fcsener B\u00fccherBude #inFreizeitverbinden"},"content":{"rendered":"\n<p>Der Heimatverein hat eine B\u00fccherzelle neben dem\u00a0Marktplatz aufgestellt. Daf\u00fcr wurde eine alte Telefonzelle vom Team aufgearbeitet und mit B\u00fccherregalen ausgestattet. Die G\u00fcsener B\u00fccherBude regt zum Tauschen von B\u00fcchern jeden Alters an:<\/p>\n\n\n\n<p>Kommen. St\u00f6bern. Mitnehmen. Tauschen.<br>#g\u00fcsenliest Wir m\u00f6chten mit dieser Initiative anregen, die G\u00fcsener in Freizeit miteinander zu verbinden&#8230;durch den Tausch des &#8222;G\u00fcsener Lesestoffs&#8220;. Dabei werden B\u00fccher kostenlos und ohne Formalit\u00e4ten zum Tausch oder zur Mitnahme in der B\u00fccherBude eingestellt und entnommen. Sie bietet quasi B\u00fccher zum Nulltarif und regt zum Lesen an.<br>Das Team Marketing hat die Aufkleber f\u00fcr die Scheiben selbst entworfen und geklebt&#8230;Es ist ein wirklich sch\u00f6nes Produkt entstanden, was die Blicke auf sich zieht und neugierig macht, auf Literatur&#8230;in unserer 1. G\u00fcsener B\u00fccherBude.<br>Der Zuspruch f\u00fcr diese Initiative ist jetzt bereits so gro\u00df, dass wir \u00fcber eine Erweiterung 2.0 nachdenken. Bist Du neugierig geworden? Die B\u00fccherBude steht direkt gegen\u00fcber dem NP. Ab dem 30.Mai wird die B\u00fccherBude ge\u00f6ffnet sein. Offiziell er\u00f6ffnet wird diese am 02.Juni.<br>#inFreizeitverbinden #B\u00fccherBude #wirsindg\u00fcsen#G\u00fcsenerLesestoff #g\u00fcsenliest #G\u00fcsen #Elbe-Parey #jerichowerland #sachsenanhalt<\/p>\n\n\n\n<figure class=\"wp-block-image size-large\"><img loading=\"lazy\" decoding=\"async\" width=\"1024\" height=\"1024\" src=\"https:\/\/wirsindguesen.de\/wp-content\/uploads\/2022\/05\/IMG-20220524-WA0014-1024x1024.jpg\" alt=\"\" class=\"wp-image-451\" srcset=\"https:\/\/wirsindguesen.de\/wp-content\/uploads\/2022\/05\/IMG-20220524-WA0014-1024x1024.jpg 1024w, https:\/\/wirsindguesen.de\/wp-content\/uploads\/2022\/05\/IMG-20220524-WA0014-300x300.jpg 300w, https:\/\/wirsindguesen.de\/wp-content\/uploads\/2022\/05\/IMG-20220524-WA0014-150x150.jpg 150w, https:\/\/wirsindguesen.de\/wp-content\/uploads\/2022\/05\/IMG-20220524-WA0014-768x768.jpg 768w, https:\/\/wirsindguesen.de\/wp-content\/uploads\/2022\/05\/IMG-20220524-WA0014-1536x1536.jpg 1536w, https:\/\/wirsindguesen.de\/wp-content\/uploads\/2022\/05\/IMG-20220524-WA0014.jpg 1774w\" sizes=\"auto, (max-width: 1024px) 100vw, 1024px\" \/><\/figure>\n","protected":false},"excerpt":{"rendered":"<p>Der Heimatverein hat eine B\u00fccherzelle neben dem\u00a0Marktplatz aufgestellt. Daf\u00fcr wurde eine alte Telefonzelle vom Team aufgearbeitet und mit B\u00fccherregalen ausgestattet. Die G\u00fcsener B\u00fccherBude regt zum Tauschen von B\u00fcchern jeden Alters an: Kommen. St\u00f6bern. Mitnehmen. Tauschen.#g\u00fcsenliest Wir m\u00f6chten mit dieser Initiative &hellip; <a href=\"https:\/\/wirsindguesen.de\/index.php\/2022\/05\/24\/freizeitinitiative-guesener-buecherbude-infreizeitverbinden\/\">Weiterlesen <span class=\"meta-nav\">&rarr;<\/span><\/a><\/p>\n","protected":false},"author":1,"featured_media":0,"comment_status":"open","ping_status":"open","sticky":false,"template":"","format":"standard","meta":{"footnotes":""},"categories":[1],"tags":[],"class_list":["post-450","post","type-post","status-publish","format-standard","hentry","category-allgemein"],"_links":{"self":[{"href":"https:\/\/wirsindguesen.de\/index.php\/wp-json\/wp\/v2\/posts\/450","targetHints":{"allow":["GET"]}}],"collection":[{"href":"https:\/\/wirsindguesen.de\/index.php\/wp-json\/wp\/v2\/posts"}],"about":[{"href":"https:\/\/wirsindguesen.de\/index.php\/wp-json\/wp\/v2\/types\/post"}],"author":[{"embeddable":true,"href":"https:\/\/wirsindguesen.de\/index.php\/wp-json\/wp\/v2\/users\/1"}],"replies":[{"embeddable":true,"href":"https:\/\/wirsindguesen.de\/index.php\/wp-json\/wp\/v2\/comments?post=450"}],"version-history":[{"count":1,"href":"https:\/\/wirsindguesen.de\/index.php\/wp-json\/wp\/v2\/posts\/450\/revisions"}],"predecessor-version":[{"id":452,"href":"https:\/\/wirsindguesen.de\/index.php\/wp-json\/wp\/v2\/posts\/450\/revisions\/452"}],"wp:attachment":[{"href":"https:\/\/wirsindguesen.de\/index.php\/wp-json\/wp\/v2\/media?parent=450"}],"wp:term":[{"taxonomy":"category","embeddable":true,"href":"https:\/\/wirsindguesen.de\/index.php\/wp-json\/wp\/v2\/categories?post=450"},{"taxonomy":"post_tag","embeddable":true,"href":"https:\/\/wirsindguesen.de\/index.php\/wp-json\/wp\/v2\/tags?post=450"}],"curies":[{"name":"wp","href":"https:\/\/api.w.org\/{rel}","templated":true}]}}