{"id":464,"date":"2022-09-25T20:16:25","date_gmt":"2022-09-25T18:16:25","guid":{"rendered":"http:\/\/wirsindguesen.de\/?p=464"},"modified":"2022-09-25T20:16:26","modified_gmt":"2022-09-25T18:16:26","slug":"muenchener-freiheit-auf-der-freilichtbuehne-guesen-27-08-22","status":"publish","type":"post","link":"https:\/\/wirsindguesen.de\/index.php\/2022\/09\/25\/muenchener-freiheit-auf-der-freilichtbuehne-guesen-27-08-22\/","title":{"rendered":"M\u00fcnchener Freiheit auf der Freilichtb\u00fchne G\u00fcsen 27.08.22"},"content":{"rendered":"\n<p>Am 27.08. pr\u00e4sentieren euch Avacon, Erlebnisdorf Parey, Autohaus Liebich und die Landtechnik M\u00f6ckern die M\u00fcnchener Freiheit (und jaaaa wirklich die Echten) auf unserer Freilichtb\u00fchne in G\u00fcsen<\/p>\n\n\n\n<p>An diesem mega Samstag erwartet euch Musik die euch zur\u00fcck in die Vergangenheit bringt und tr\u00e4umen l\u00e4sst, leckeres Essen vom Saloon Neuderben, k\u00fchle Getr\u00e4nke vom Lieblingsplatz in Parey und jede Menge tolle Leute<\/p>\n\n\n\n<p>Einlass ist ab 18 Uhr und Parkpl\u00e4tze sind im Dorf ausgeschildert Bitte vermeidet es in der Dorfmitte zu parken<\/p>\n\n\n\n<p>Extra Tipp: G\u00fcsen hat auch eine super Anbindung mit der Deutschen Bahn<\/p>\n\n\n\n<p>Bis zum Start des Konzertes wird euch DJ Rene\u00b4 schon einmal richtig einheizen.<\/p>\n\n\n\n<p>Ihr habt noch keine Tickets? dann m\u00fcsst ihr euch wirklich beeilen!!<\/p>\n\n\n\n<p>Ihr erhaltet lediglich noch ein paar Resttickets beim Lieblingsplatz in Parey, im Lottoladen am Marktkauf in Burg, im Lottoladen im Edeka in Genthin, bei Lebensart in Parey, bei der Roxy in G\u00fcsen oder im Modepavillion in G\u00fcsen.<\/p>\n\n\n\n<p>Auch online unter:<\/p>\n\n\n\n<p><a href=\"https:\/\/freilichtbhnegsen.ticket.io\">https:\/\/freilichtbhnegsen.ticket.io<\/a><\/p>\n\n\n\n<p>sind zum Vorverkaufspreis noch einige Tickets erh\u00e4ltlich.<\/p>\n\n\n\n<p>Also wartet nicht mehr zu lange und lasst euch die unglaubliche M\u00fcnchner Freiheit nicht entgehen.<\/p>\n\n\n\n<p>Bei mega Wetter und toller Musik freuen wir uns bereits jetzt auf euch.<\/p>\n\n\n\n<p>Euer Team der Freilichtb\u00fchne G\u00fcsen und von \u201ewir sind G\u00fcsen e.V.\u201c<\/p>\n\n\n\n<figure class=\"wp-block-image size-full\"><img loading=\"lazy\" decoding=\"async\" width=\"508\" height=\"720\" src=\"https:\/\/wirsindguesen.de\/wp-content\/uploads\/2022\/09\/MF-Veranstaltung.jpg\" alt=\"\" class=\"wp-image-465\" srcset=\"https:\/\/wirsindguesen.de\/wp-content\/uploads\/2022\/09\/MF-Veranstaltung.jpg 508w, https:\/\/wirsindguesen.de\/wp-content\/uploads\/2022\/09\/MF-Veranstaltung-212x300.jpg 212w\" sizes=\"auto, (max-width: 508px) 100vw, 508px\" \/><\/figure>\n","protected":false},"excerpt":{"rendered":"<p>Am 27.08. pr\u00e4sentieren euch Avacon, Erlebnisdorf Parey, Autohaus Liebich und die Landtechnik M\u00f6ckern die M\u00fcnchener Freiheit (und jaaaa wirklich die Echten) auf unserer Freilichtb\u00fchne in G\u00fcsen An diesem mega Samstag erwartet euch Musik die euch zur\u00fcck in die Vergangenheit bringt &hellip; <a href=\"https:\/\/wirsindguesen.de\/index.php\/2022\/09\/25\/muenchener-freiheit-auf-der-freilichtbuehne-guesen-27-08-22\/\">Weiterlesen <span class=\"meta-nav\">&rarr;<\/span><\/a><\/p>\n","protected":false},"author":1,"featured_media":0,"comment_status":"open","ping_status":"open","sticky":false,"template":"","format":"standard","meta":{"footnotes":""},"categories":[2],"tags":[],"class_list":["post-464","post","type-post","status-publish","format-standard","hentry","category-veranstaltungen"],"_links":{"self":[{"href":"https:\/\/wirsindguesen.de\/index.php\/wp-json\/wp\/v2\/posts\/464","targetHints":{"allow":["GET"]}}],"collection":[{"href":"https:\/\/wirsindguesen.de\/index.php\/wp-json\/wp\/v2\/posts"}],"about":[{"href":"https:\/\/wirsindguesen.de\/index.php\/wp-json\/wp\/v2\/types\/post"}],"author":[{"embeddable":true,"href":"https:\/\/wirsindguesen.de\/index.php\/wp-json\/wp\/v2\/users\/1"}],"replies":[{"embeddable":true,"href":"https:\/\/wirsindguesen.de\/index.php\/wp-json\/wp\/v2\/comments?post=464"}],"version-history":[{"count":1,"href":"https:\/\/wirsindguesen.de\/index.php\/wp-json\/wp\/v2\/posts\/464\/revisions"}],"predecessor-version":[{"id":466,"href":"https:\/\/wirsindguesen.de\/index.php\/wp-json\/wp\/v2\/posts\/464\/revisions\/466"}],"wp:attachment":[{"href":"https:\/\/wirsindguesen.de\/index.php\/wp-json\/wp\/v2\/media?parent=464"}],"wp:term":[{"taxonomy":"category","embeddable":true,"href":"https:\/\/wirsindguesen.de\/index.php\/wp-json\/wp\/v2\/categories?post=464"},{"taxonomy":"post_tag","embeddable":true,"href":"https:\/\/wirsindguesen.de\/index.php\/wp-json\/wp\/v2\/tags?post=464"}],"curies":[{"name":"wp","href":"https:\/\/api.w.org\/{rel}","templated":true}]}}