{"id":596,"date":"2025-02-10T18:17:02","date_gmt":"2025-02-10T17:17:02","guid":{"rendered":"https:\/\/wirsindguesen.de\/?p=596"},"modified":"2025-02-10T18:18:51","modified_gmt":"2025-02-10T17:18:51","slug":"guesen-live-im-radio-mit-89-0-rtl","status":"publish","type":"post","link":"https:\/\/wirsindguesen.de\/index.php\/2025\/02\/10\/guesen-live-im-radio-mit-89-0-rtl\/","title":{"rendered":"G\u00fcsen live im Radio mit 89.0 RTL"},"content":{"rendered":"\n<p>Liebe G\u00fcsener und Partyg\u00e4nger,<\/p>\n\n\n\n<p>die Planungen f\u00fcr 2025 sind abgeschlossen und wir freuen uns, euch das erste Highlight des n\u00e4chsten Jahres zu pr\u00e4sentieren: Am 23.08.2025 wird G\u00fcsen live im Radio zu erleben sein! 89.0 RTL kommt auf die Freilichtb\u00fchne und bringt \u0432\u043c\u0435\u0441\u0442\u0435 \u0441\u043e Stevie T., Justin Prince und Marc Radix ordentlich Stimmung unter euch.<\/p>\n\n\n\n<p><strong>Legend\u00e4rer Abend mit Top-DJs<\/strong><\/p>\n\n\n\n<p>Freut euch auf einen unvergesslichen Abend mit den bekannten 89.0 RTL-DJs, die euch mit den besten Hits und Beats zum Tanzen bringen werden. Au\u00dferdem wird unser &#8222;Freilichtb\u00fchnen Resident-DJ&#8220; Motte nat\u00fcrlich auch mit von der Partie sein und f\u00fcr die richtige Musik sorgen.<\/p>\n\n\n\n<p><strong>Dank an unsere Sponsoren<\/strong><\/p>\n\n\n\n<p>Auch im n\u00e4chsten Jahr w\u00e4ren all unsere Veranstaltungen ohne die Unterst\u00fctzung unserer Sponsoren nicht m\u00f6glich. Ein riesiges Dankesch\u00f6n geht an:<\/p>\n\n\n\n<ul class=\"wp-block-list\">\n<li>Genthiner Wohnungsbaugenossenschaft EG<\/li>\n\n\n\n<li>Segment-Beh\u00e4lter-Bau GmbH<\/li>\n\n\n\n<li>Mein Lieblingsplatz Parey<\/li>\n\n\n\n<li>Volksbank Jerichower Land eG<\/li>\n\n\n\n<li>Avacon<\/li>\n\n\n\n<li>Burger K\u00fcchenm\u00f6bel GmbH<\/li>\n\n\n\n<li>Allianz &#8211; Raimer Franz<\/li>\n\n\n\n<li>Landtechnik M\u00f6ckern<\/li>\n\n\n\n<li>Autohaus Liebich<\/li>\n<\/ul>\n\n\n\n<p>Ohne euch w\u00e4re dieses Event nicht m\u00f6glich!<\/p>\n\n\n\n<p><strong>Seid dabei und erlebt einen unvergesslichen Abend mit 89.0 RTL auf der Freilichtb\u00fchne G\u00fcsen!<\/strong><\/p>\n\n\n\n<p>Sichert euch eure Tickets an den bekannten Vorverkaufsstellen oder online unter&nbsp;<a href=\"https:\/\/freilichtbhnegsen.ticket.io\/?lang=en\" target=\"_blank\" rel=\"noreferrer noopener\">Freilichtb\u00fchne-G\u00fcsen.de<\/a>.<\/p>\n\n\n\n<p>Wir freuen uns auf euch!<\/p>\n\n\n\n<figure class=\"wp-block-image size-full\"><a href=\"https:\/\/freilichtbhnegsen.ticket.io\/?lang=en\"><img loading=\"lazy\" decoding=\"async\" width=\"509\" height=\"720\" src=\"https:\/\/wirsindguesen.de\/wp-content\/uploads\/2025\/02\/RTL-2025.jpg\" alt=\"\" class=\"wp-image-597\" srcset=\"https:\/\/wirsindguesen.de\/wp-content\/uploads\/2025\/02\/RTL-2025.jpg 509w, https:\/\/wirsindguesen.de\/wp-content\/uploads\/2025\/02\/RTL-2025-212x300.jpg 212w\" sizes=\"auto, (max-width: 509px) 100vw, 509px\" \/><\/a><\/figure>\n","protected":false},"excerpt":{"rendered":"<p>Liebe G\u00fcsener und Partyg\u00e4nger, die Planungen f\u00fcr 2025 sind abgeschlossen und wir freuen uns, euch das erste Highlight des n\u00e4chsten Jahres zu pr\u00e4sentieren: Am 23.08.2025 wird G\u00fcsen live im Radio zu erleben sein! 89.0 RTL kommt auf die Freilichtb\u00fchne und &hellip; <a href=\"https:\/\/wirsindguesen.de\/index.php\/2025\/02\/10\/guesen-live-im-radio-mit-89-0-rtl\/\">Weiterlesen <span class=\"meta-nav\">&rarr;<\/span><\/a><\/p>\n","protected":false},"author":1,"featured_media":0,"comment_status":"open","ping_status":"open","sticky":false,"template":"","format":"standard","meta":{"footnotes":""},"categories":[4,2],"tags":[],"class_list":["post-596","post","type-post","status-publish","format-standard","hentry","category-tickets","category-veranstaltungen"],"_links":{"self":[{"href":"https:\/\/wirsindguesen.de\/index.php\/wp-json\/wp\/v2\/posts\/596","targetHints":{"allow":["GET"]}}],"collection":[{"href":"https:\/\/wirsindguesen.de\/index.php\/wp-json\/wp\/v2\/posts"}],"about":[{"href":"https:\/\/wirsindguesen.de\/index.php\/wp-json\/wp\/v2\/types\/post"}],"author":[{"embeddable":true,"href":"https:\/\/wirsindguesen.de\/index.php\/wp-json\/wp\/v2\/users\/1"}],"replies":[{"embeddable":true,"href":"https:\/\/wirsindguesen.de\/index.php\/wp-json\/wp\/v2\/comments?post=596"}],"version-history":[{"count":2,"href":"https:\/\/wirsindguesen.de\/index.php\/wp-json\/wp\/v2\/posts\/596\/revisions"}],"predecessor-version":[{"id":601,"href":"https:\/\/wirsindguesen.de\/index.php\/wp-json\/wp\/v2\/posts\/596\/revisions\/601"}],"wp:attachment":[{"href":"https:\/\/wirsindguesen.de\/index.php\/wp-json\/wp\/v2\/media?parent=596"}],"wp:term":[{"taxonomy":"category","embeddable":true,"href":"https:\/\/wirsindguesen.de\/index.php\/wp-json\/wp\/v2\/categories?post=596"},{"taxonomy":"post_tag","embeddable":true,"href":"https:\/\/wirsindguesen.de\/index.php\/wp-json\/wp\/v2\/tags?post=596"}],"curies":[{"name":"wp","href":"https:\/\/api.w.org\/{rel}","templated":true}]}}