{"id":605,"date":"2026-01-04T12:13:12","date_gmt":"2026-01-04T11:13:12","guid":{"rendered":"https:\/\/wirsindguesen.de\/?p=605"},"modified":"2026-01-04T12:13:13","modified_gmt":"2026-01-04T11:13:13","slug":"jahreshauptversammlung-und-vorstandswahl","status":"publish","type":"post","link":"https:\/\/wirsindguesen.de\/index.php\/2026\/01\/04\/jahreshauptversammlung-und-vorstandswahl\/","title":{"rendered":"Jahreshauptversammlung und Vorstandswahl"},"content":{"rendered":"\n<p>Neuer Vorstand einstimmig gew\u00e4hlt \u2013 Verein beschlie\u00dft Neufassung der Satzung<\/p>\n\n\n\n<p>Auf der gut besuchten Mitgliederversammlung des Vereins wurde am gestrigen Abend ein wichtiges Kapitel Vereinsgeschichte geschrieben. Zun\u00e4chst pr\u00e4sentierte der bisherige Vorstand seinen Jahresbericht, bevor er von den anwesenden Mitgliedern einstimmig entlastet wurde. Anschlie\u00dfend stand ein zentraler Punkt auf der Tagesordnung: die Neufassung der Vereinssatzung. Auch diese wurde ohne Gegenstimme angenommen und bildet nun die Grundlage f\u00fcr die k\u00fcnftige Struktur und Arbeit des Vereins.&nbsp;<\/p>\n\n\n\n<p>Im Anschluss erfolgte die Wahl des neuen Vorstands, der gem\u00e4\u00df der \u00fcberarbeiteten Satzung k\u00fcnftig aus sieben Personen besteht. Die Mitglieder entschieden sich wie folgt:<\/p>\n\n\n\n<p>Martin M\u00fcller \u00fcbernimmt das Amt des<\/p>\n\n\n\n<p>Vorsitzenden.<\/p>\n\n\n\n<p>Martin Helmrich wurde zum stellvertretenden Vorsitzenden gew\u00e4hlt.<\/p>\n\n\n\n<p>Ute Brenner fungiert k\u00fcnftig als Schatzmeisterin.<\/p>\n\n\n\n<p>Jasmin Schmidt \u00fcbernimmt die Funktion der Schriftf\u00fchrerin.<\/p>\n\n\n\n<p>Steffen Jahn ist im neuen Vorstand f\u00fcr den Bereich Technik verantwortlich.<\/p>\n\n\n\n<p>Yvonne Timpel zeichnet k\u00fcnftig f\u00fcr den Bereich Veranstaltungen verantwortlich.<\/p>\n\n\n\n<p>Caroline G\u00e4de k\u00fcmmert sich um die \u00d6ffentlichkeitsarbeit des Vereins.<\/p>\n\n\n\n<p>Der neu gew\u00e4hlte Vorstand blickt motiviert in die Zukunft und freut sich auf zahlreiche gemeinsame Projekte sowie eine konstruktive Zusammenarbeit mit den Mitgliedern.<\/p>\n\n\n\n<p>Nach dieser gelungenen Veranstaltung lie\u00dfen die Mitglieder den Abend mit einer Weihnachtsfeier bis in die fr\u00fchen Morgenstunden ausklingen.<\/p>\n","protected":false},"excerpt":{"rendered":"<p>Neuer Vorstand einstimmig gew\u00e4hlt \u2013 Verein beschlie\u00dft Neufassung der Satzung Auf der gut besuchten Mitgliederversammlung des Vereins wurde am gestrigen Abend ein wichtiges Kapitel Vereinsgeschichte geschrieben. Zun\u00e4chst pr\u00e4sentierte der bisherige Vorstand seinen Jahresbericht, bevor er von den anwesenden Mitgliedern einstimmig &hellip; <a href=\"https:\/\/wirsindguesen.de\/index.php\/2026\/01\/04\/jahreshauptversammlung-und-vorstandswahl\/\">Weiterlesen <span class=\"meta-nav\">&rarr;<\/span><\/a><\/p>\n","protected":false},"author":3,"featured_media":607,"comment_status":"open","ping_status":"open","sticky":false,"template":"","format":"standard","meta":{"footnotes":""},"categories":[1],"tags":[],"class_list":["post-605","post","type-post","status-publish","format-standard","has-post-thumbnail","hentry","category-allgemein"],"_links":{"self":[{"href":"https:\/\/wirsindguesen.de\/index.php\/wp-json\/wp\/v2\/posts\/605","targetHints":{"allow":["GET"]}}],"collection":[{"href":"https:\/\/wirsindguesen.de\/index.php\/wp-json\/wp\/v2\/posts"}],"about":[{"href":"https:\/\/wirsindguesen.de\/index.php\/wp-json\/wp\/v2\/types\/post"}],"author":[{"embeddable":true,"href":"https:\/\/wirsindguesen.de\/index.php\/wp-json\/wp\/v2\/users\/3"}],"replies":[{"embeddable":true,"href":"https:\/\/wirsindguesen.de\/index.php\/wp-json\/wp\/v2\/comments?post=605"}],"version-history":[{"count":1,"href":"https:\/\/wirsindguesen.de\/index.php\/wp-json\/wp\/v2\/posts\/605\/revisions"}],"predecessor-version":[{"id":606,"href":"https:\/\/wirsindguesen.de\/index.php\/wp-json\/wp\/v2\/posts\/605\/revisions\/606"}],"wp:featuredmedia":[{"embeddable":true,"href":"https:\/\/wirsindguesen.de\/index.php\/wp-json\/wp\/v2\/media\/607"}],"wp:attachment":[{"href":"https:\/\/wirsindguesen.de\/index.php\/wp-json\/wp\/v2\/media?parent=605"}],"wp:term":[{"taxonomy":"category","embeddable":true,"href":"https:\/\/wirsindguesen.de\/index.php\/wp-json\/wp\/v2\/categories?post=605"},{"taxonomy":"post_tag","embeddable":true,"href":"https:\/\/wirsindguesen.de\/index.php\/wp-json\/wp\/v2\/tags?post=605"}],"curies":[{"name":"wp","href":"https:\/\/api.w.org\/{rel}","templated":true}]}}