{"id":91,"date":"2019-12-19T20:10:09","date_gmt":"2019-12-19T19:10:09","guid":{"rendered":"http:\/\/wirsindguesen.de\/?p=91"},"modified":"2019-12-19T20:12:50","modified_gmt":"2019-12-19T19:12:50","slug":"artikel-aus-der-wasserzeitung-november-2019","status":"publish","type":"post","link":"https:\/\/wirsindguesen.de\/index.php\/2019\/12\/19\/artikel-aus-der-wasserzeitung-november-2019\/","title":{"rendered":"Artikel aus der Wasserzeitung November 2019"},"content":{"rendered":"\n<p>\n<strong>Im Gespr\u00e4ch mit Mario Helmrich, Ortsb\u00fcrgermeister von G\u00fcsen<\/strong><\/p>\n\n\n\n<p>Gemeinsam\nmehr f\u00fcr unser Dorf erreichen<\/p>\n\n\n\n<p>Am 26.\nMai fanden die Kommunalwahlen 2019 in Sachsen-Anhalt statt. Dabei\nwurden die Stadtr\u00e4te der drei kreisfreien St\u00e4dte Magdeburg, Halle\nund Dessau-Ro\u00dflau, die Kreistage der elf Landkreise sowie die\nGemeinde- und Ortschaftsr\u00e4te gew\u00e4hlt. Sieben M\u00e4nner und eine Frau\nbilden den neuen Ortschaftsrat von G\u00fcsen (Gemeinde Elbe-Parey). Aus\nihrer Mitte w\u00e4hlten sie Mario Helmrich zum neuen Ortsb\u00fcrgermeister.\nDie Wasserzeitung f\u00fchrte mit ihm das nachfolgende Gespr\u00e4ch.<\/p>\n\n\n\n<p>Herr\nHelmrich, wie ist G\u00fcsens neuer Ortschaftsrat gestartet?<\/p>\n\n\n\n<p><em>Nachdem\nwir uns viel vorgenommen haben, begannen wir bereits mit viel Elan,\nunsere Pl\u00e4ne zu verwirklichen. F\u00fcnf der acht Mitglieder sind neu im\nOrtschaftsrat. Wir erleben hier also einen echten Neubeginn. Die\nZusammenarbeit funktioniert bisher erfreulich gut.<\/em><\/p>\n\n\n\n<p>Was hat\nsich der Ortschaftsrat vorgenommen, wie sehen die ersten Ergebnisse\nseiner Bem\u00fchungen aus?<\/p>\n\n\n\n<p><em>Gegenw\u00e4rtig\nist es unser Hauptziel, dem Gemeinschaftsleben in G\u00fcsen neue Impulse\nzu geben, auch die Bedingungen f\u00fcr ein vielf\u00e4ltiges Miteinander zu\nverbessern. In diesem Sinne wurde unl\u00e4ngst der Heimatverein \u201eWir\nsind G\u00fcsen\u201c gegr\u00fcndet. Er hat sich vorgenommen, den Festplatz und\ndie Freilichtb\u00fchne, die 1971 zur 750-Jahr-Feier unseres Ortes\neingeweiht worden waren, wieder auferstehen lassen. Der Festplatz\nsoll zentraler Ort f\u00fcr die 800-Jahr-Feier im Jahre 2021<\/em><\/p>\n\n\n\n<p><em>sein.\nDie F\u00f6rderung des unl\u00e4ngst gegr\u00fcndeten Heimatvereins \u201eWir sind\nG\u00fcsen\u201c geh\u00f6rt ebenfalls zu unserem Ziel, das Gemeinschaftsleben\nzu st\u00e4rken.<\/em><\/p>\n\n\n\n<p>Was war\nausschlaggebend daf\u00fcr,<\/p>\n\n\n\n<p>dass\nSie als Ortsb\u00fcrgermeister Verantwortung f\u00fcr G\u00fcsen \u00fcbernommen<\/p>\n\n\n\n<p>haben?<\/p>\n\n\n\n<p><em>G\u00fcsen\nist meine Heimat. Hier wurde ich geboren, ich lebe sehr gern hier und\nbin bereit, mich mit ganzer Kraft daf\u00fcr einzusetzen, dass der Ort\nnoch attraktiver wird. G\u00fcsen hat schon etliches zu bieten, was\nandere Orte vergleichbarer Gr\u00f6\u00dfe nicht vorweisen k\u00f6nnen. Im\nGegensatz dazu gab es bisher zu wenig, das \u00fcber das Geschehen in den\nVereinen hinaus das Zusammengeh\u00f6rigkeitsgef\u00fchl der hier lebenden\nMenschen st\u00e4rkte. Der Wille, das zu ver\u00e4ndern, ist ein wesentlicher\nGrund f\u00fcr mein kommunalpolitisches Engagement. Allein kann ich wenig\nausrichten. Aber miteinander, auch<\/em><\/p>\n\n\n\n<p><em>durch\ngemeinsame Projekte unserer Vereine, k\u00f6nnen wir mehr f\u00fcr unser Dorf\nerreichen.<\/em><\/p>\n\n\n\n<p><strong>Pers\u00f6nliches<\/strong><\/p>\n\n\n\n<p>G\u00fcsen ist meine Heimat. Hier wurde ich geboren, ich lebe sehr gern hier und bin bereit, mich mit ganzer Kraft daf\u00fcr einzusetzen, dass der Ort noch attraktiver wird. G\u00fcsen hat schon etliches zu bieten, was Mario Helmrich wurde 1966 in G\u00fcsen geboren. Der gelernte Maschinen- und Anlagenmonteur absolvierte eine weitere Ausbildung zum <\/p>\n\n\n\n<p><\/p>\n\n\n\n<p>Heizungs- und L\u00fcftungsbauer. Seit 2015 arbeitet er im Wasser- und Schifffahrtsamt. Seit 1986 ist er mit seiner Frau Sylvia verheiratet, sie haben zwei erwachsene S\u00f6hne.<\/p>\n\n\n\n<figure class=\"wp-block-image\"><img loading=\"lazy\" decoding=\"async\" width=\"500\" height=\"466\" src=\"https:\/\/wirsindguesen.de\/wp-content\/uploads\/2019\/12\/grafik-3.png\" alt=\"\" class=\"wp-image-96\" srcset=\"https:\/\/wirsindguesen.de\/wp-content\/uploads\/2019\/12\/grafik-3.png 500w, https:\/\/wirsindguesen.de\/wp-content\/uploads\/2019\/12\/grafik-3-300x280.png 300w, https:\/\/wirsindguesen.de\/wp-content\/uploads\/2019\/12\/grafik-3-322x300.png 322w\" sizes=\"auto, (max-width: 500px) 100vw, 500px\" \/><figcaption> <br><br> <br> <em>Mario Helmrich auf der Freilichtb\u00fchne des alten G\u00fcsener Festplatzes. Hinter<\/em><br> <em>ihm sind Reste einer Bretterwand zu sehen, die eigens f\u00fcr eine gute Akustik bei Auff\u00fchrungen der Jagdhornbl\u00e4ser des Ortes errichtet worden war. <\/em> <br><br><\/figcaption><\/figure>\n\n\n\n<p>Quelle: <a href=\"https:\/\/www.tav-genthin.de\/index.php\/component\/weblinks\/weblink\/15-wasserzeitung\/13-wasserzeitung-2019-11.html?Itemid=101&amp;task=weblink.go\">https:\/\/www.tav-genthin.de\/index.php\/component\/weblinks\/weblink\/15-wasserzeitung\/13-wasserzeitung-2019-11.html?Itemid=101&amp;task=weblink.go<\/a><\/p>\n\n\n\n<p><\/p>\n","protected":false},"excerpt":{"rendered":"<p>Im Gespr\u00e4ch mit Mario Helmrich, Ortsb\u00fcrgermeister von G\u00fcsen Gemeinsam mehr f\u00fcr unser Dorf erreichen Am 26. Mai fanden die Kommunalwahlen 2019 in Sachsen-Anhalt statt. Dabei wurden die Stadtr\u00e4te der drei kreisfreien St\u00e4dte Magdeburg, Halle und Dessau-Ro\u00dflau, die Kreistage der elf &hellip; <a href=\"https:\/\/wirsindguesen.de\/index.php\/2019\/12\/19\/artikel-aus-der-wasserzeitung-november-2019\/\">Weiterlesen <span class=\"meta-nav\">&rarr;<\/span><\/a><\/p>\n","protected":false},"author":1,"featured_media":0,"comment_status":"open","ping_status":"open","sticky":false,"template":"","format":"standard","meta":{"footnotes":""},"categories":[1],"tags":[],"class_list":["post-91","post","type-post","status-publish","format-standard","hentry","category-allgemein"],"_links":{"self":[{"href":"https:\/\/wirsindguesen.de\/index.php\/wp-json\/wp\/v2\/posts\/91","targetHints":{"allow":["GET"]}}],"collection":[{"href":"https:\/\/wirsindguesen.de\/index.php\/wp-json\/wp\/v2\/posts"}],"about":[{"href":"https:\/\/wirsindguesen.de\/index.php\/wp-json\/wp\/v2\/types\/post"}],"author":[{"embeddable":true,"href":"https:\/\/wirsindguesen.de\/index.php\/wp-json\/wp\/v2\/users\/1"}],"replies":[{"embeddable":true,"href":"https:\/\/wirsindguesen.de\/index.php\/wp-json\/wp\/v2\/comments?post=91"}],"version-history":[{"count":4,"href":"https:\/\/wirsindguesen.de\/index.php\/wp-json\/wp\/v2\/posts\/91\/revisions"}],"predecessor-version":[{"id":99,"href":"https:\/\/wirsindguesen.de\/index.php\/wp-json\/wp\/v2\/posts\/91\/revisions\/99"}],"wp:attachment":[{"href":"https:\/\/wirsindguesen.de\/index.php\/wp-json\/wp\/v2\/media?parent=91"}],"wp:term":[{"taxonomy":"category","embeddable":true,"href":"https:\/\/wirsindguesen.de\/index.php\/wp-json\/wp\/v2\/categories?post=91"},{"taxonomy":"post_tag","embeddable":true,"href":"https:\/\/wirsindguesen.de\/index.php\/wp-json\/wp\/v2\/tags?post=91"}],"curies":[{"name":"wp","href":"https:\/\/api.w.org\/{rel}","templated":true}]}}